{"id":20126,"date":"2026-04-28T19:18:34","date_gmt":"2026-04-28T17:18:34","guid":{"rendered":"https:\/\/cisterscapes.eu\/zmena-v-cele-okresu-bamberg\/"},"modified":"2026-04-29T10:58:42","modified_gmt":"2026-04-29T08:58:42","slug":"zmena-v-cele-okresu-bamberg","status":"publish","type":"post","link":"https:\/\/cisterscapes.eu\/cs\/zmena-v-cele-okresu-bamberg\/","title":{"rendered":"Zm\u011bna v \u010dele okresu Bamberg"},"content":{"rendered":"<p><strong>Okresn\u00ed hejtman Johann Kalb p\u0159ed\u00e1v\u00e1 po 12 letech funkci nov\u00e9mu okresn\u00edmu hejtmanovi Johannesi Maciejonczykovi.<\/strong><\/p>\n<p>&nbsp;<\/p>\n<p>V pond\u011bl\u00ed 27. dubna 2026 se konalo slavnostn\u00ed rozlou\u010den\u00ed s okresn\u00edm spr\u00e1vcem Johannem Kalbem. Po 12 letech v \u010dele okresu Bamberg p\u0159ed\u00e1 Johann Kalb 1. kv\u011btna funkci nov\u00e9mu okresn\u00edmu spr\u00e1vci Johannesi Maciejonczykovi (CSU). <\/p>\n<p>Cisterscapes byl a je jedn\u00edm z obl\u00edben\u00fdch projekt\u016f Johanna Kalba. Ve sv\u00e9m d\u011bkovn\u00e9m projevu to dal jasn\u011b najevo.<br \/>\n\u010cetn\u00ed partne\u0159i a z\u00fa\u010dastn\u011bn\u00e9 strany s\u00edt\u011b Cisterscapes pod\u011bkovali Johannu Kalbovi za jeho neuv\u011b\u0159iteln\u00e9 nasazen\u00ed a politickou podporu na cest\u011b k ozna\u010den\u00ed &#8222;Evropsk\u00e9 d\u011bdictv\u00ed&#8220; formou velmi osobn\u00edho videopozdravu. <\/p>\n<p>P\u0159ejeme Johannu Kalbovi a jeho rodin\u011b v\u0161e nejlep\u0161\u00ed a t\u011b\u0161\u00edme se na spolupr\u00e1ci s na\u0161\u00edm nov\u00fdm okresn\u00edm spr\u00e1vcem Johannesem Maciejonczykem!<\/p>\n<p>&nbsp;<\/p>\n<p>Foto (zleva): Johannes Maciejonczyk, Dr. Monika Riemer-Maciejonczyk, Monika Kalb, okresn\u00ed hejtman Johann Kalb.<\/p>\n<p>Foto: Okresn\u00ed \u00fa\u0159ad Bamberg\/Ronald Rinklef<\/p>\n","protected":false},"excerpt":{"rendered":"<p>Okresn\u00ed hejtman Johann Kalb p\u0159ed\u00e1v\u00e1 po 12 letech funkci nov\u00e9mu okresn\u00edmu hejtmanovi Johannesi Maciejonczykovi. &nbsp; V pond\u011bl\u00ed 27. dubna 2026 se konalo slavnostn\u00ed rozlou\u010den\u00ed s okresn\u00edm spr\u00e1vcem Johannem Kalbem. Po 12 letech v \u010dele okresu Bamberg p\u0159ed\u00e1 Johann Kalb 1. kv\u011btna funkci nov\u00e9mu okresn\u00edmu spr\u00e1vci Johannesi Maciejonczykovi (CSU). Cisterscapes byl a je jedn\u00edm z obl\u00edben\u00fdch<\/p>\n","protected":false},"author":1,"featured_media":0,"comment_status":"closed","ping_status":"closed","sticky":false,"template":"","format":"standard","meta":{"footnotes":""},"categories":[597],"tags":[],"class_list":["post-20126","post","type-post","status-publish","format-standard","hentry","category-tisk-ke-stazeni"],"_links":{"self":[{"href":"https:\/\/cisterscapes.eu\/cs\/wp-json\/wp\/v2\/posts\/20126","targetHints":{"allow":["GET"]}}],"collection":[{"href":"https:\/\/cisterscapes.eu\/cs\/wp-json\/wp\/v2\/posts"}],"about":[{"href":"https:\/\/cisterscapes.eu\/cs\/wp-json\/wp\/v2\/types\/post"}],"author":[{"embeddable":true,"href":"https:\/\/cisterscapes.eu\/cs\/wp-json\/wp\/v2\/users\/1"}],"replies":[{"embeddable":true,"href":"https:\/\/cisterscapes.eu\/cs\/wp-json\/wp\/v2\/comments?post=20126"}],"version-history":[{"count":1,"href":"https:\/\/cisterscapes.eu\/cs\/wp-json\/wp\/v2\/posts\/20126\/revisions"}],"predecessor-version":[{"id":20191,"href":"https:\/\/cisterscapes.eu\/cs\/wp-json\/wp\/v2\/posts\/20126\/revisions\/20191"}],"wp:attachment":[{"href":"https:\/\/cisterscapes.eu\/cs\/wp-json\/wp\/v2\/media?parent=20126"}],"wp:term":[{"taxonomy":"category","embeddable":true,"href":"https:\/\/cisterscapes.eu\/cs\/wp-json\/wp\/v2\/categories?post=20126"},{"taxonomy":"post_tag","embeddable":true,"href":"https:\/\/cisterscapes.eu\/cs\/wp-json\/wp\/v2\/tags?post=20126"}],"curies":[{"name":"wp","href":"https:\/\/api.w.org\/{rel}","templated":true}]}}