{"id":7855,"date":"2023-08-22T16:27:02","date_gmt":"2023-08-22T14:27:02","guid":{"rendered":"https:\/\/cisterscapes.eu\/otevreni-dilci-etapy-cisterciacke-stezky-z-waldsassenu-do-klosterlangheimu\/"},"modified":"2025-04-22T16:02:44","modified_gmt":"2025-04-22T14:02:44","slug":"otevreni-dilci-etapy-cisterciacke-stezky-z-waldsassenu-do-klosterlangheimu","status":"publish","type":"post","link":"https:\/\/cisterscapes.eu\/cs\/otevreni-dilci-etapy-cisterciacke-stezky-z-waldsassenu-do-klosterlangheimu\/","title":{"rendered":"Otev\u0159en\u00ed d\u00edl\u010d\u00ed etapy Cisterci\u00e1ck\u00e9 stezky z Waldsassenu do Klosterlangheimu!"},"content":{"rendered":"<p><div class=\"fusion-fullwidth fullwidth-box fusion-builder-row-1 fusion-flex-container has-pattern-background has-mask-background nonhundred-percent-fullwidth non-hundred-percent-height-scrolling\" style=\"--awb-border-radius-top-left:0px;--awb-border-radius-top-right:0px;--awb-border-radius-bottom-right:0px;--awb-border-radius-bottom-left:0px;--awb-flex-wrap:wrap;\" ><div class=\"fusion-builder-row fusion-row fusion-flex-align-items-flex-start fusion-flex-content-wrap\" style=\"max-width:1216.8px;margin-left: calc(-4% \/ 2 );margin-right: calc(-4% \/ 2 );\"><div class=\"fusion-layout-column fusion_builder_column fusion-builder-column-0 fusion_builder_column_1_1 1_1 fusion-flex-column\" style=\"--awb-bg-size:cover;--awb-width-large:100%;--awb-margin-top-large:80px;--awb-spacing-right-large:1.92%;--awb-margin-bottom-large:80px;--awb-spacing-left-large:1.92%;--awb-width-medium:100%;--awb-order-medium:0;--awb-spacing-right-medium:1.92%;--awb-spacing-left-medium:1.92%;--awb-width-small:100%;--awb-order-small:0;--awb-spacing-right-small:1.92%;--awb-spacing-left-small:1.92%;\" data-scroll-devices=\"small-visibility,medium-visibility,large-visibility\"><div class=\"fusion-column-wrapper fusion-column-has-shadow fusion-flex-justify-content-flex-start fusion-content-layout-column\"><div class=\"fusion-title title fusion-title-1 fusion-sep-none fusion-title-center fusion-title-text fusion-title-size-two\"><h2 class=\"fusion-title-heading title-heading-center fusion-responsive-typography-calculated\" style=\"margin:0;--fontSize:40;line-height:1.3;\">Otev\u0159en\u00ed d\u00edl\u010d\u00ed etapy Cisterci\u00e1ck\u00e9 stezky z Waldsassenu do Klosterlangheimu!<\/h2><\/div><\/div><\/div><\/div><\/div><div class=\"fusion-fullwidth fullwidth-box fusion-builder-row-2 fusion-flex-container hundred-percent-fullwidth non-hundred-percent-height-scrolling\" style=\"--awb-border-radius-top-left:0px;--awb-border-radius-top-right:0px;--awb-border-radius-bottom-right:0px;--awb-border-radius-bottom-left:0px;--awb-padding-top:0px;--awb-padding-right:0px;--awb-padding-bottom:0px;--awb-padding-left:0px;--awb-flex-wrap:wrap;\" ><div class=\"fusion-builder-row fusion-row fusion-flex-align-items-stretch fusion-flex-content-wrap\" style=\"width:calc( 100% + 0px ) !important;max-width:calc( 100% + 0px ) !important;margin-left: calc(-0px \/ 2 );margin-right: calc(-0px \/ 2 );\"><div class=\"fusion-layout-column fusion_builder_column fusion-builder-column-1 fusion_builder_column_1_2 1_2 fusion-flex-column\" style=\"--awb-padding-top-medium:20vh;--awb-padding-bottom-medium:20vh;--awb-bg-position:center center;--awb-bg-blend:overlay;--awb-bg-size:cover;--awb-width-large:50%;--awb-margin-top-large:0px;--awb-spacing-right-large:0px;--awb-margin-bottom-large:0px;--awb-spacing-left-large:0px;--awb-width-medium:100%;--awb-order-medium:0;--awb-spacing-right-medium:0px;--awb-spacing-left-medium:0px;--awb-width-small:100%;--awb-order-small:0;--awb-spacing-right-small:0px;--awb-spacing-left-small:0px;\" data-scroll-devices=\"small-visibility,medium-visibility,large-visibility\"><div class=\"fusion-column-wrapper fusion-column-has-shadow fusion-flex-justify-content-flex-start fusion-content-layout-column\"><div class=\"fusion-image-element \" style=\"--awb-caption-title-font-family:var(--h2_typography-font-family);--awb-caption-title-font-weight:var(--h2_typography-font-weight);--awb-caption-title-font-style:var(--h2_typography-font-style);--awb-caption-title-size:var(--h2_typography-font-size);--awb-caption-title-transform:var(--h2_typography-text-transform);--awb-caption-title-line-height:var(--h2_typography-line-height);--awb-caption-title-letter-spacing:var(--h2_typography-letter-spacing);\"><span class=\" fusion-imageframe imageframe-none imageframe-1 hover-type-none\"><img decoding=\"async\" width=\"2500\" height=\"1656\" title=\"Wanderstock-Jerusalemweg-2500&#215;1656\" src=\"https:\/\/cisterscapes.eu\/wp-content\/uploads\/2023\/08\/Wanderstock-Jerusalemweg-2500x1656-1.jpeg\" data-orig-src=\"https:\/\/cisterscapes.eu\/wp-content\/uploads\/2023\/08\/Wanderstock-Jerusalemweg-2500x1656-1.jpeg\" alt class=\"lazyload img-responsive wp-image-7861\" srcset=\"data:image\/svg+xml,%3Csvg%20xmlns%3D%27http%3A%2F%2Fwww.w3.org%2F2000%2Fsvg%27%20width%3D%272500%27%20height%3D%271656%27%20viewBox%3D%270%200%202500%201656%27%3E%3Crect%20width%3D%272500%27%20height%3D%271656%27%20fill-opacity%3D%220%22%2F%3E%3C%2Fsvg%3E\" data-srcset=\"https:\/\/cisterscapes.eu\/wp-content\/uploads\/2023\/08\/Wanderstock-Jerusalemweg-2500x1656-1-200x132.jpeg 200w, https:\/\/cisterscapes.eu\/wp-content\/uploads\/2023\/08\/Wanderstock-Jerusalemweg-2500x1656-1-400x265.jpeg 400w, https:\/\/cisterscapes.eu\/wp-content\/uploads\/2023\/08\/Wanderstock-Jerusalemweg-2500x1656-1-600x397.jpeg 600w, https:\/\/cisterscapes.eu\/wp-content\/uploads\/2023\/08\/Wanderstock-Jerusalemweg-2500x1656-1-800x530.jpeg 800w, https:\/\/cisterscapes.eu\/wp-content\/uploads\/2023\/08\/Wanderstock-Jerusalemweg-2500x1656-1-1200x795.jpeg 1200w, https:\/\/cisterscapes.eu\/wp-content\/uploads\/2023\/08\/Wanderstock-Jerusalemweg-2500x1656-1.jpeg 2500w\" data-sizes=\"auto\" data-orig-sizes=\"(max-width: 1024px) 100vw, (max-width: 640px) 100vw, 600px\" \/><\/span><\/div><\/div><\/div><div class=\"fusion-layout-column fusion_builder_column fusion-builder-column-2 fusion_builder_column_1_2 1_2 fusion-flex-column fusion-animated\" style=\"--awb-padding-top:100px;--awb-padding-right:7%;--awb-padding-bottom:100px;--awb-padding-left:7%;--awb-padding-top-medium:60px;--awb-padding-bottom-medium:60px;--awb-bg-blend:overlay;--awb-bg-size:cover;--awb-width-large:50%;--awb-margin-top-large:0px;--awb-spacing-right-large:0px;--awb-margin-bottom-large:0px;--awb-spacing-left-large:0px;--awb-width-medium:100%;--awb-order-medium:0;--awb-spacing-right-medium:0px;--awb-spacing-left-medium:0px;--awb-width-small:100%;--awb-order-small:0;--awb-spacing-right-small:0px;--awb-spacing-left-small:0px;\" data-animationType=\"fadeInLeft\" data-animationDuration=\"0.9\" data-animationDelay=\"0.3\" data-animationOffset=\"top-into-view\" data-scroll-devices=\"small-visibility,medium-visibility,large-visibility\"><div class=\"fusion-column-wrapper fusion-column-has-shadow fusion-flex-justify-content-flex-start fusion-content-layout-column\"><div class=\"fusion-separator fusion-full-width-sep\" style=\"align-self: center;margin-left: auto;margin-right: auto;margin-top:7px;width:100%;\"><\/div><div class=\"fusion-text fusion-text-1\"><div class=\"page\" title=\"Strana 2\">\n<div class=\"layoutArea\">\n<div class=\"column\">\n<h2><strong>Ve dnech 23.-25. z\u00e1\u0159\u00ed 2022 kone\u010dn\u011b nade\u0161el \u010das: d\u00edl\u010d\u00ed etapa Cisterci\u00e1ck\u00e9 stezky z Waldsassenu do Klosterlangheimu bude otev\u0159ena!<\/strong><\/h2>\n<p>V sou\u010dasn\u00e9 dob\u011b se zd\u00e1, \u017ee n\u00e1m p\u0159eje i po\u010das\u00ed. P\u0159\u00edpravy jsou t\u00e9m\u011b\u0159 u konce a Cisterscapes-Eber se t\u011b\u0161\u00ed na proch\u00e1zku s hosty po cisterci\u00e1ck\u00e9 stezce! <\/p>\n<\/div>\n<\/div>\n<\/div>\n<\/div><div class=\"fusion-separator fusion-full-width-sep\" style=\"align-self: center;margin-left: auto;margin-right: auto;margin-bottom:20px;width:100%;\"><\/div><\/div><\/div><\/div><\/div><div class=\"fusion-fullwidth fullwidth-box fusion-builder-row-3 fusion-flex-container has-pattern-background has-mask-background nonhundred-percent-fullwidth non-hundred-percent-height-scrolling\" style=\"--awb-border-radius-top-left:0px;--awb-border-radius-top-right:0px;--awb-border-radius-bottom-right:0px;--awb-border-radius-bottom-left:0px;--awb-flex-wrap:wrap;\" ><div class=\"fusion-builder-row fusion-row fusion-flex-align-items-flex-start fusion-flex-content-wrap\" style=\"max-width:1216.8px;margin-left: calc(-4% \/ 2 );margin-right: calc(-4% \/ 2 );\"><div class=\"fusion-layout-column fusion_builder_column fusion-builder-column-3 fusion_builder_column_1_1 1_1 fusion-flex-column\" style=\"--awb-bg-size:cover;--awb-width-large:100%;--awb-margin-top-large:0px;--awb-spacing-right-large:1.92%;--awb-margin-bottom-large:0px;--awb-spacing-left-large:1.92%;--awb-width-medium:100%;--awb-order-medium:0;--awb-spacing-right-medium:1.92%;--awb-spacing-left-medium:1.92%;--awb-width-small:100%;--awb-order-small:0;--awb-spacing-right-small:1.92%;--awb-spacing-left-small:1.92%;\"><div class=\"fusion-column-wrapper fusion-column-has-shadow fusion-flex-justify-content-flex-start fusion-content-layout-column\"><\/div><\/div><\/div><\/div><div class=\"fusion-fullwidth fullwidth-box fusion-builder-row-4 fusion-flex-container has-pattern-background has-mask-background nonhundred-percent-fullwidth non-hundred-percent-height-scrolling\" style=\"--awb-border-radius-top-left:0px;--awb-border-radius-top-right:0px;--awb-border-radius-bottom-right:0px;--awb-border-radius-bottom-left:0px;--awb-margin-bottom:80px;--awb-flex-wrap:wrap;\" ><div class=\"fusion-builder-row fusion-row fusion-flex-align-items-flex-start fusion-flex-content-wrap\" style=\"max-width:1216.8px;margin-left: calc(-4% \/ 2 );margin-right: calc(-4% \/ 2 );\"><div class=\"fusion-layout-column fusion_builder_column fusion-builder-column-4 fusion_builder_column_1_1 1_1 fusion-flex-column\" style=\"--awb-bg-size:cover;--awb-width-large:100%;--awb-margin-top-large:0px;--awb-spacing-right-large:1.92%;--awb-margin-bottom-large:0px;--awb-spacing-left-large:1.92%;--awb-width-medium:100%;--awb-order-medium:0;--awb-spacing-right-medium:1.92%;--awb-spacing-left-medium:1.92%;--awb-width-small:100%;--awb-order-small:0;--awb-spacing-right-small:1.92%;--awb-spacing-left-small:1.92%;\"><div class=\"fusion-column-wrapper fusion-column-has-shadow fusion-flex-justify-content-flex-start fusion-content-layout-column\"><div class=\"fusion-sharing-box fusion-sharing-box-1 boxed-icons has-taglines layout-floated layout-medium-floated layout-small-stacked\" style=\"background-color:var(--awb-color7);border-color:var(--awb-color7);--awb-separator-border-color:#cccccc;--awb-separator-border-sizes:0px;--awb-layout:row;--awb-alignment-small:space-between;--awb-stacked-align-small:center;\" data-title=\"Otev\u0159en\u00ed d\u00edl\u010d\u00ed etapy Cisterci\u00e1ck\u00e9 stezky z Waldsassenu do Klosterlangheimu!\" data-description=\"Sem pat\u0159\u00ed v\u00e1\u0161 obsah   \r\n\r\n\r\n\r\nVe dnech 23.-25. z\u00e1\u0159\u00ed 2022 kone\u010dn\u011b nade\u0161el \u010das: d\u00edl\u010d\u00ed etapa Cisterci\u00e1ck\u00e9 stezky z Waldsassenu do Klosterlangheimu bude otev\u0159ena!\r\nV sou\u010dasn\u00e9 dob\u011b se zd\u00e1, \u017ee n\u00e1m p\u0159eje i po\u010das\u00ed. P\u0159\u00edpravy jsou t\u00e9m\u011b\u0159 u konce a Cisterscapes-Eber se t\u011b\u0161\u00ed na proch\u00e1zku s hosty po\" data-link=\"https:\/\/cisterscapes.eu\/cs\/otevreni-dilci-etapy-cisterciacke-stezky-z-waldsassenu-do-klosterlangheimu\/\"><h4 class=\"tagline\" style=\"color:var(--awb-color8);\">Sd\u00edlejte tento p\u0159\u00edsp\u011bvek!<\/h4><div class=\"fusion-social-networks sharingbox-shortcode-icon-wrapper sharingbox-shortcode-icon-wrapper-1 boxed-icons\"><span><a href=\"https:\/\/www.facebook.com\/sharer.php?u=https%3A%2F%2Fcisterscapes.eu%2Fcs%2Fotevreni-dilci-etapy-cisterciacke-stezky-z-waldsassenu-do-klosterlangheimu%2F&amp;t=Otev%C5%99en%C3%AD%20d%C3%ADl%C4%8D%C3%AD%20etapy%20Cisterci%C3%A1ck%C3%A9%20stezky%20z%20Waldsassenu%20do%20Klosterlangheimu%21\" target=\"_blank\" rel=\"noreferrer\" title=\"Facebook\" aria-label=\"Facebook\" data-placement=\"top\" data-toggle=\"tooltip\" data-title=\"Facebook\"><i class=\"fusion-social-network-icon fusion-tooltip fusion-facebook awb-icon-facebook\" style=\"color:#ffffff;background-color:#3b5998;border-color:#3b5998;border-radius:0px;\" aria-hidden=\"true\"><\/i><\/a><\/span><span><a href=\"https:\/\/x.com\/intent\/post?text=Otev%C5%99en%C3%AD%20d%C3%ADl%C4%8D%C3%AD%20etapy%20Cisterci%C3%A1ck%C3%A9%20stezky%20z%20Waldsassenu%20do%20Klosterlangheimu%21&amp;url=https%3A%2F%2Fcisterscapes.eu%2Fcs%2Fotevreni-dilci-etapy-cisterciacke-stezky-z-waldsassenu-do-klosterlangheimu%2F\" target=\"_blank\" rel=\"noopener noreferrer\" title=\"X\" aria-label=\"X\" data-placement=\"top\" data-toggle=\"tooltip\" data-title=\"X\"><i class=\"fusion-social-network-icon fusion-tooltip fusion-twitter awb-icon-twitter\" style=\"color:#ffffff;background-color:#000000;border-color:#000000;border-radius:0px;\" aria-hidden=\"true\"><\/i><\/a><\/span><span><a href=\"https:\/\/www.linkedin.com\/shareArticle?mini=true&amp;url=https%3A%2F%2Fcisterscapes.eu%2Fcs%2Fotevreni-dilci-etapy-cisterciacke-stezky-z-waldsassenu-do-klosterlangheimu%2F&amp;title=Otev%C5%99en%C3%AD%20d%C3%ADl%C4%8D%C3%AD%20etapy%20Cisterci%C3%A1ck%C3%A9%20stezky%20z%20Waldsassenu%20do%20Klosterlangheimu%21&amp;summary=Sem%20pat%C5%99%C3%AD%20v%C3%A1%C5%A1%20obsah%20%20%20%20%20%20%0D%0A%0D%0A%0D%0A%0D%0AVe%20dnech%2023.-25.%20z%C3%A1%C5%99%C3%AD%202022%20kone%C4%8Dn%C4%9B%20nade%C5%A1el%20%C4%8Das%3A%20d%C3%ADl%C4%8D%C3%AD%20etapa%20Cisterci%C3%A1ck%C3%A9%20stezky%20z%20Waldsassenu%20do%20Klosterlangheimu%20bude%20otev%C5%99ena%21%0D%0AV%20sou%C4%8Dasn%C3%A9%20dob%C4%9B%20se%20zd%C3%A1%2C%20%C5%BEe%20n%C3%A1m%20p%C5%99eje%20i%20po%C4%8Das%C3%AD.%20P%C5%99%C3%ADpravy%20jsou%20t%C3%A9m%C4%9B%C5%99%20u%20konce%20a%20Cisterscapes-Eber%20se%20t%C4%9B%C5%A1%C3%AD%20na%20proch%C3%A1zku%20s%20hosty%20po\" target=\"_blank\" rel=\"noopener noreferrer\" title=\"LinkedIn\" aria-label=\"LinkedIn\" data-placement=\"top\" data-toggle=\"tooltip\" data-title=\"LinkedIn\"><i class=\"fusion-social-network-icon fusion-tooltip fusion-linkedin awb-icon-linkedin\" style=\"color:#ffffff;background-color:#0077b5;border-color:#0077b5;border-radius:0px;\" aria-hidden=\"true\"><\/i><\/a><\/span><span><a href=\"https:\/\/api.whatsapp.com\/send?text=https%3A%2F%2Fcisterscapes.eu%2Fcs%2Fotevreni-dilci-etapy-cisterciacke-stezky-z-waldsassenu-do-klosterlangheimu%2F\" target=\"_blank\" rel=\"noopener noreferrer\" title=\"WhatsApp\" aria-label=\"WhatsApp\" data-placement=\"top\" data-toggle=\"tooltip\" data-title=\"WhatsApp\"><i class=\"fusion-social-network-icon fusion-tooltip fusion-whatsapp awb-icon-whatsapp\" style=\"color:#ffffff;background-color:#77e878;border-color:#77e878;border-radius:0px;\" aria-hidden=\"true\"><\/i><\/a><\/span><span><a href=\"https:\/\/t.me\/share\/url?url=https%3A%2F%2Fcisterscapes.eu%2Fcs%2Fotevreni-dilci-etapy-cisterciacke-stezky-z-waldsassenu-do-klosterlangheimu%2F&amp;text=Otev%C5%99en%C3%AD%20d%C3%ADl%C4%8D%C3%AD%20etapy%20Cisterci%C3%A1ck%C3%A9%20stezky%20z%20Waldsassenu%20do%20Klosterlangheimu%21\" target=\"_blank\" rel=\"noopener noreferrer\" title=\"Telegram\" aria-label=\"Telegram\" data-placement=\"top\" data-toggle=\"tooltip\" data-title=\"Telegram\"><i class=\"fusion-social-network-icon fusion-tooltip fusion-telegram awb-icon-telegram\" style=\"color:#ffffff;background-color:#0088cc;border-color:#0088cc;border-radius:0px;\" aria-hidden=\"true\"><\/i><\/a><\/span><span><a href=\"mailto:?subject=Otev%C5%99en%C3%AD%20d%C3%ADl%C4%8D%C3%AD%20etapy%20Cisterci%C3%A1ck%C3%A9%20stezky%20z%20Waldsassenu%20do%20Klosterlangheimu%21&amp;body=https%3A%2F%2Fcisterscapes.eu%2Fcs%2Fotevreni-dilci-etapy-cisterciacke-stezky-z-waldsassenu-do-klosterlangheimu%2F\" target=\"_self\" title=\"E-mail\" aria-label=\"E-mail\" data-placement=\"top\" data-toggle=\"tooltip\" data-title=\"E-mail\"><i class=\"fusion-social-network-icon fusion-tooltip fusion-mail awb-icon-mail\" style=\"color:#ffffff;background-color:#000000;border-color:#000000;border-radius:0px;\" aria-hidden=\"true\"><\/i><\/a><\/span><\/div><\/div><\/div><\/div><\/div><\/div><\/p>\n","protected":false},"excerpt":{"rendered":"","protected":false},"author":1,"featured_media":7865,"comment_status":"closed","ping_status":"closed","sticky":false,"template":"","format":"standard","meta":{"footnotes":""},"categories":[231],"tags":[],"class_list":["post-7855","post","type-post","status-publish","format-standard","has-post-thumbnail","hentry","category-cisterscapes-cs"],"_links":{"self":[{"href":"https:\/\/cisterscapes.eu\/cs\/wp-json\/wp\/v2\/posts\/7855","targetHints":{"allow":["GET"]}}],"collection":[{"href":"https:\/\/cisterscapes.eu\/cs\/wp-json\/wp\/v2\/posts"}],"about":[{"href":"https:\/\/cisterscapes.eu\/cs\/wp-json\/wp\/v2\/types\/post"}],"author":[{"embeddable":true,"href":"https:\/\/cisterscapes.eu\/cs\/wp-json\/wp\/v2\/users\/1"}],"replies":[{"embeddable":true,"href":"https:\/\/cisterscapes.eu\/cs\/wp-json\/wp\/v2\/comments?post=7855"}],"version-history":[{"count":0,"href":"https:\/\/cisterscapes.eu\/cs\/wp-json\/wp\/v2\/posts\/7855\/revisions"}],"wp:featuredmedia":[{"embeddable":true,"href":"https:\/\/cisterscapes.eu\/cs\/wp-json\/wp\/v2\/media\/7865"}],"wp:attachment":[{"href":"https:\/\/cisterscapes.eu\/cs\/wp-json\/wp\/v2\/media?parent=7855"}],"wp:term":[{"taxonomy":"category","embeddable":true,"href":"https:\/\/cisterscapes.eu\/cs\/wp-json\/wp\/v2\/categories?post=7855"},{"taxonomy":"post_tag","embeddable":true,"href":"https:\/\/cisterscapes.eu\/cs\/wp-json\/wp\/v2\/tags?post=7855"}],"curies":[{"name":"wp","href":"https:\/\/api.w.org\/{rel}","templated":true}]}}