{"id":20128,"date":"2026-04-28T19:18:34","date_gmt":"2026-04-28T17:18:34","guid":{"rendered":"https:\/\/cisterscapes.eu\/changement-a-la-tete-du-district-de-bamberg\/"},"modified":"2026-04-29T10:58:41","modified_gmt":"2026-04-29T08:58:41","slug":"changement-a-la-tete-du-district-de-bamberg","status":"publish","type":"post","link":"https:\/\/cisterscapes.eu\/fr\/changement-a-la-tete-du-district-de-bamberg\/","title":{"rendered":"Changement \u00e0 la t\u00eate du district de Bamberg"},"content":{"rendered":"<p><strong>Apr\u00e8s 12 ans, le Landrat Johann Kalb passe le relais au nouveau Landrat Johannes Maciejonczyk<\/strong><\/p>\n<p>&nbsp;<\/p>\n<p>Le lundi 27 avril 2026 a eu lieu la c\u00e9r\u00e9monie d&rsquo;adieu au Landrat Johann Kalb. Apr\u00e8s 12 ans \u00e0 la t\u00eate du Landkreis de Bamberg, Johann Kalb passe le relais au nouveau Landrat Johannes Maciejonczyk (CSU) le 1er mai. <\/p>\n<p>Cisterscapes \u00e9tait et reste l&rsquo;un des projets de c\u0153ur de Johann Kalb. Il l&rsquo;a d&rsquo;ailleurs plus que clairement fait savoir lors de son discours de remerciement.<br \/>\nLes nombreux partenaires et acteurs du r\u00e9seau Cisterscapes ont remerci\u00e9 Johann Kalb, sous la forme d&rsquo;un message vid\u00e9o tr\u00e8s personnel, pour son incroyable engagement et son soutien politique sur la voie du Label du patrimoine europ\u00e9en. <\/p>\n<p>Nous souhaitons le meilleur \u00e0 Johann Kalb et \u00e0 sa famille, et nous nous r\u00e9jouissons de travailler avec notre nouveau chef de district, Johannes Maciejonczyk !<\/p>\n<p>&nbsp;<\/p>\n<p>Photo (de gauche \u00e0 droite) : Johannes Maciejonczyk, Dr. Monika Riemer-Maciejonczyk, Monika Kalb, Landrat Johann Kalb<\/p>\n<p>Enregistrement : Landratsamt Bamberg\/Ronald Rinklef<\/p>\n","protected":false},"excerpt":{"rendered":"<p>Apr\u00e8s 12 ans, le Landrat Johann Kalb passe le relais au nouveau Landrat Johannes Maciejonczyk &nbsp; Le lundi 27 avril 2026 a eu lieu la c\u00e9r\u00e9monie d&rsquo;adieu au Landrat Johann Kalb. Apr\u00e8s 12 ans \u00e0 la t\u00eate du Landkreis de Bamberg, Johann Kalb passe le relais au nouveau Landrat Johannes Maciejonczyk (CSU) le 1er mai.<\/p>\n","protected":false},"author":1,"featured_media":0,"comment_status":"closed","ping_status":"closed","sticky":false,"template":"","format":"standard","meta":{"footnotes":""},"categories":[599],"tags":[],"class_list":["post-20128","post","type-post","status-publish","format-standard","hentry","category-telechargements-de-presse"],"_links":{"self":[{"href":"https:\/\/cisterscapes.eu\/fr\/wp-json\/wp\/v2\/posts\/20128","targetHints":{"allow":["GET"]}}],"collection":[{"href":"https:\/\/cisterscapes.eu\/fr\/wp-json\/wp\/v2\/posts"}],"about":[{"href":"https:\/\/cisterscapes.eu\/fr\/wp-json\/wp\/v2\/types\/post"}],"author":[{"embeddable":true,"href":"https:\/\/cisterscapes.eu\/fr\/wp-json\/wp\/v2\/users\/1"}],"replies":[{"embeddable":true,"href":"https:\/\/cisterscapes.eu\/fr\/wp-json\/wp\/v2\/comments?post=20128"}],"version-history":[{"count":1,"href":"https:\/\/cisterscapes.eu\/fr\/wp-json\/wp\/v2\/posts\/20128\/revisions"}],"predecessor-version":[{"id":20189,"href":"https:\/\/cisterscapes.eu\/fr\/wp-json\/wp\/v2\/posts\/20128\/revisions\/20189"}],"wp:attachment":[{"href":"https:\/\/cisterscapes.eu\/fr\/wp-json\/wp\/v2\/media?parent=20128"}],"wp:term":[{"taxonomy":"category","embeddable":true,"href":"https:\/\/cisterscapes.eu\/fr\/wp-json\/wp\/v2\/categories?post=20128"},{"taxonomy":"post_tag","embeddable":true,"href":"https:\/\/cisterscapes.eu\/fr\/wp-json\/wp\/v2\/tags?post=20128"}],"curies":[{"name":"wp","href":"https:\/\/api.w.org\/{rel}","templated":true}]}}