{"id":7990,"date":"2023-08-23T12:24:45","date_gmt":"2023-08-23T10:24:45","guid":{"rendered":"https:\/\/cisterscapes.eu\/10-mars-2023-un-projet-de-cooperation-entre-trois-pays-sur-lheritage-culinaire-cistercien-lance-lors-de-la-reunion-de-lancement-a-vyssi-brod\/"},"modified":"2025-04-23T12:04:20","modified_gmt":"2025-04-23T10:04:20","slug":"10-mars-2023-un-projet-de-cooperation-entre-trois-pays-sur-lheritage-culinaire-cistercien-lance-lors-de-la-reunion-de-lancement-a-vyssi-brod","status":"publish","type":"post","link":"https:\/\/cisterscapes.eu\/fr\/10-mars-2023-un-projet-de-cooperation-entre-trois-pays-sur-lheritage-culinaire-cistercien-lance-lors-de-la-reunion-de-lancement-a-vyssi-brod\/","title":{"rendered":"10 mars 2023 : Un projet de coop\u00e9ration entre trois pays sur l&rsquo;h\u00e9ritage culinaire cistercien lanc\u00e9 lors de la r\u00e9union de lancement \u00e0 Vy\u0161\u0161\u00ed Brod"},"content":{"rendered":"<p><div class=\"fusion-fullwidth fullwidth-box fusion-builder-row-1 fusion-flex-container has-pattern-background has-mask-background nonhundred-percent-fullwidth non-hundred-percent-height-scrolling\" style=\"--awb-border-radius-top-left:0px;--awb-border-radius-top-right:0px;--awb-border-radius-bottom-right:0px;--awb-border-radius-bottom-left:0px;--awb-flex-wrap:wrap;\" ><div class=\"fusion-builder-row fusion-row fusion-flex-align-items-flex-start fusion-flex-content-wrap\" style=\"max-width:1216.8px;margin-left: calc(-4% \/ 2 );margin-right: calc(-4% \/ 2 );\"><div class=\"fusion-layout-column fusion_builder_column fusion-builder-column-0 fusion_builder_column_1_1 1_1 fusion-flex-column\" style=\"--awb-bg-size:cover;--awb-width-large:100%;--awb-margin-top-large:80px;--awb-spacing-right-large:1.92%;--awb-margin-bottom-large:80px;--awb-spacing-left-large:1.92%;--awb-width-medium:100%;--awb-order-medium:0;--awb-spacing-right-medium:1.92%;--awb-spacing-left-medium:1.92%;--awb-width-small:100%;--awb-order-small:0;--awb-spacing-right-small:1.92%;--awb-spacing-left-small:1.92%;\" data-scroll-devices=\"small-visibility,medium-visibility,large-visibility\"><div class=\"fusion-column-wrapper fusion-column-has-shadow fusion-flex-justify-content-flex-start fusion-content-layout-column\"><div class=\"fusion-title title fusion-title-1 fusion-sep-none fusion-title-center fusion-title-text fusion-title-size-two\"><h2 class=\"fusion-title-heading title-heading-center fusion-responsive-typography-calculated\" style=\"margin:0;--fontSize:40;line-height:1.3;\">10 mars 2023 : Un projet de coop\u00e9ration entre trois pays sur l&rsquo;h\u00e9ritage culinaire cistercien lanc\u00e9 lors de la r\u00e9union de lancement \u00e0 Vy\u0161\u0161\u00ed Brod<\/h2><\/div><\/div><\/div><\/div><\/div><div class=\"fusion-fullwidth fullwidth-box fusion-builder-row-2 fusion-flex-container hundred-percent-fullwidth non-hundred-percent-height-scrolling\" style=\"--awb-border-radius-top-left:0px;--awb-border-radius-top-right:0px;--awb-border-radius-bottom-right:0px;--awb-border-radius-bottom-left:0px;--awb-padding-top:0px;--awb-padding-right:0px;--awb-padding-bottom:0px;--awb-padding-left:0px;--awb-flex-wrap:wrap;\" ><div class=\"fusion-builder-row fusion-row fusion-flex-align-items-stretch fusion-flex-content-wrap\" style=\"width:calc( 100% + 0px ) !important;max-width:calc( 100% + 0px ) !important;margin-left: calc(-0px \/ 2 );margin-right: calc(-0px \/ 2 );\"><div class=\"fusion-layout-column fusion_builder_column fusion-builder-column-1 fusion_builder_column_1_2 1_2 fusion-flex-column\" style=\"--awb-padding-top-medium:20vh;--awb-padding-bottom-medium:20vh;--awb-bg-position:center center;--awb-bg-blend:overlay;--awb-bg-size:cover;--awb-width-large:50%;--awb-margin-top-large:0px;--awb-spacing-right-large:0px;--awb-margin-bottom-large:0px;--awb-spacing-left-large:0px;--awb-width-medium:100%;--awb-order-medium:0;--awb-spacing-right-medium:0px;--awb-spacing-left-medium:0px;--awb-width-small:100%;--awb-order-small:0;--awb-spacing-right-small:0px;--awb-spacing-left-small:0px;\" data-scroll-devices=\"small-visibility,medium-visibility,large-visibility\"><div class=\"fusion-column-wrapper fusion-column-has-shadow fusion-flex-justify-content-flex-start fusion-content-layout-column\"><div class=\"fusion-image-element \" style=\"--awb-caption-title-font-family:var(--h2_typography-font-family);--awb-caption-title-font-weight:var(--h2_typography-font-weight);--awb-caption-title-font-style:var(--h2_typography-font-style);--awb-caption-title-size:var(--h2_typography-font-size);--awb-caption-title-transform:var(--h2_typography-text-transform);--awb-caption-title-line-height:var(--h2_typography-line-height);--awb-caption-title-letter-spacing:var(--h2_typography-letter-spacing);\"><span class=\" fusion-imageframe imageframe-none imageframe-1 hover-type-none\"><img decoding=\"async\" width=\"1536\" height=\"1024\" title=\"Kick-off-Meeting_10.03.2023_WEB\" src=\"https:\/\/cisterscapes.eu\/wp-content\/uploads\/2023\/08\/Kick-off-Meeting_10.03.2023_WEB-1.jpg\" data-orig-src=\"https:\/\/cisterscapes.eu\/wp-content\/uploads\/2023\/08\/Kick-off-Meeting_10.03.2023_WEB-1.jpg\" alt class=\"lazyload img-responsive wp-image-7994\" srcset=\"data:image\/svg+xml,%3Csvg%20xmlns%3D%27http%3A%2F%2Fwww.w3.org%2F2000%2Fsvg%27%20width%3D%271536%27%20height%3D%271024%27%20viewBox%3D%270%200%201536%201024%27%3E%3Crect%20width%3D%271536%27%20height%3D%271024%27%20fill-opacity%3D%220%22%2F%3E%3C%2Fsvg%3E\" data-srcset=\"https:\/\/cisterscapes.eu\/wp-content\/uploads\/2023\/08\/Kick-off-Meeting_10.03.2023_WEB-1-200x133.jpg 200w, https:\/\/cisterscapes.eu\/wp-content\/uploads\/2023\/08\/Kick-off-Meeting_10.03.2023_WEB-1-400x267.jpg 400w, https:\/\/cisterscapes.eu\/wp-content\/uploads\/2023\/08\/Kick-off-Meeting_10.03.2023_WEB-1-600x400.jpg 600w, https:\/\/cisterscapes.eu\/wp-content\/uploads\/2023\/08\/Kick-off-Meeting_10.03.2023_WEB-1-800x533.jpg 800w, https:\/\/cisterscapes.eu\/wp-content\/uploads\/2023\/08\/Kick-off-Meeting_10.03.2023_WEB-1-1200x800.jpg 1200w, https:\/\/cisterscapes.eu\/wp-content\/uploads\/2023\/08\/Kick-off-Meeting_10.03.2023_WEB-1.jpg 1536w\" data-sizes=\"auto\" data-orig-sizes=\"(max-width: 1024px) 100vw, (max-width: 640px) 100vw, 600px\" \/><\/span><\/div><\/div><\/div><div class=\"fusion-layout-column fusion_builder_column fusion-builder-column-2 fusion_builder_column_1_2 1_2 fusion-flex-column fusion-animated\" style=\"--awb-padding-top:100px;--awb-padding-right:7%;--awb-padding-bottom:100px;--awb-padding-left:7%;--awb-padding-top-medium:60px;--awb-padding-bottom-medium:60px;--awb-bg-blend:overlay;--awb-bg-size:cover;--awb-width-large:50%;--awb-margin-top-large:0px;--awb-spacing-right-large:0px;--awb-margin-bottom-large:0px;--awb-spacing-left-large:0px;--awb-width-medium:100%;--awb-order-medium:0;--awb-spacing-right-medium:0px;--awb-spacing-left-medium:0px;--awb-width-small:100%;--awb-order-small:0;--awb-spacing-right-small:0px;--awb-spacing-left-small:0px;\" data-animationType=\"fadeInLeft\" data-animationDuration=\"0.9\" data-animationDelay=\"0.3\" data-animationOffset=\"top-into-view\" data-scroll-devices=\"small-visibility,medium-visibility,large-visibility\"><div class=\"fusion-column-wrapper fusion-column-has-shadow fusion-flex-justify-content-flex-start fusion-content-layout-column\"><div class=\"fusion-text fusion-text-1\"><div class=\"page\" title=\"Page 2\">\n<div class=\"layoutArea\">\n<div class=\"column\">\n<p>Les Cisterciens sont un ordre v\u00e9ritablement europ\u00e9en qui s&rsquo;est r\u00e9pandu dans de nombreux pays depuis le Moyen-\u00c2ge et qui continue \u00e0 marquer les paysages culturels de nombreux endroits. Le nouveau projet \u00ab\u00a0H\u00e9ritage culinaire des Cisterciens en Europe centrale\u00a0\u00bb, dont les responsables tch\u00e8ques, allemands et autrichiens se sont rencontr\u00e9s lors de la r\u00e9union de lancement le 10 mars \u00e0 Vy\u0161\u0161\u00ed Brod, en R\u00e9publique tch\u00e8que, poursuit \u00e9galement cette approche europ\u00e9enne. La recherche sur les anciennes recettes monastiques et les traditions locales, encadr\u00e9e par l&rsquo;Universit\u00e9 Paris Lodron de Salzbourg, d\u00e9butera d\u00e8s le printemps.  <\/p>\n<p>Pour ce faire, une dizaine de sites monastiques participants, notamment du r\u00e9seau Cisterscapes, actuellement en lice pour le label du patrimoine europ\u00e9en, sont activement impliqu\u00e9s avec leurs archives monastiques et leurs biblioth\u00e8ques. Les questions suivantes seront abord\u00e9es : Dans quelle mesure les sp\u00e9cialit\u00e9s r\u00e9gionales peuvent-elles \u00eatre attribu\u00e9es \u00e0 des origines monastiques ? Qu&rsquo;est-ce qui \u00e9tait typique de l&rsquo;art de la table des moines ? Quels sont les tr\u00e9sors culinaires oubli\u00e9s qui pourraient \u00eatre mis en valeur ?   <\/p>\n<p>Nous sommes tr\u00e8s heureux de ce nouveau projet !<\/p>\n<\/div>\n<\/div>\n<\/div>\n<\/div><div class=\"fusion-separator fusion-full-width-sep\" style=\"align-self: center;margin-left: auto;margin-right: auto;margin-top:7px;width:100%;\"><\/div><\/div><\/div><\/div><\/div><div class=\"fusion-fullwidth fullwidth-box fusion-builder-row-3 fusion-flex-container has-pattern-background has-mask-background nonhundred-percent-fullwidth non-hundred-percent-height-scrolling\" style=\"--awb-border-radius-top-left:0px;--awb-border-radius-top-right:0px;--awb-border-radius-bottom-right:0px;--awb-border-radius-bottom-left:0px;--awb-margin-bottom:80px;--awb-flex-wrap:wrap;\" ><div class=\"fusion-builder-row fusion-row fusion-flex-align-items-flex-start fusion-flex-content-wrap\" style=\"max-width:1216.8px;margin-left: calc(-4% \/ 2 );margin-right: calc(-4% \/ 2 );\"><div class=\"fusion-layout-column fusion_builder_column fusion-builder-column-3 fusion_builder_column_1_1 1_1 fusion-flex-column\" style=\"--awb-bg-size:cover;--awb-width-large:100%;--awb-margin-top-large:0px;--awb-spacing-right-large:1.92%;--awb-margin-bottom-large:0px;--awb-spacing-left-large:1.92%;--awb-width-medium:100%;--awb-order-medium:0;--awb-spacing-right-medium:1.92%;--awb-spacing-left-medium:1.92%;--awb-width-small:100%;--awb-order-small:0;--awb-spacing-right-small:1.92%;--awb-spacing-left-small:1.92%;\"><div class=\"fusion-column-wrapper fusion-column-has-shadow fusion-flex-justify-content-flex-start fusion-content-layout-column\"><div class=\"fusion-sharing-box fusion-sharing-box-1 boxed-icons has-taglines layout-floated layout-medium-floated layout-small-stacked\" style=\"background-color:var(--awb-color7);border-color:var(--awb-color7);--awb-separator-border-color:#cccccc;--awb-separator-border-sizes:0px;--awb-layout:row;--awb-alignment-small:space-between;--awb-stacked-align-small:center;\" data-title=\"10 mars 2023 : Un projet de coop\u00e9ration entre trois pays sur l&rsquo;h\u00e9ritage culinaire cistercien lanc\u00e9 lors de la r\u00e9union de lancement \u00e0 Vy\u0161\u0161\u00ed Brod\" data-description=\"Your Content Goes Here   \r\n\r\n\r\n\r\n\r\nLes Cisterciens sont un ordre v\u00e9ritablement europ\u00e9en qui s&#039;est r\u00e9pandu dans de nombreux pays depuis le Moyen-\u00c2ge et qui continue \u00e0 marquer les paysages culturels de nombreux endroits. Le nouveau projet &quot;H\u00e9ritage culinaire des Cisterciens en Europe centrale&quot;, dont les responsables tch\u00e8ques,\" data-link=\"https:\/\/cisterscapes.eu\/fr\/10-mars-2023-un-projet-de-cooperation-entre-trois-pays-sur-lheritage-culinaire-cistercien-lance-lors-de-la-reunion-de-lancement-a-vyssi-brod\/\"><h4 class=\"tagline\" style=\"color:var(--awb-color8);\">Partagez cet article !<\/h4><div class=\"fusion-social-networks sharingbox-shortcode-icon-wrapper sharingbox-shortcode-icon-wrapper-1 boxed-icons\"><span><a href=\"https:\/\/www.facebook.com\/sharer.php?u=https%3A%2F%2Fcisterscapes.eu%2Ffr%2F10-mars-2023-un-projet-de-cooperation-entre-trois-pays-sur-lheritage-culinaire-cistercien-lance-lors-de-la-reunion-de-lancement-a-vyssi-brod%2F&amp;t=10%20mars%202023%20%3A%20Un%20projet%20de%20coop%C3%A9ration%20entre%20trois%20pays%20sur%20l%26rsquo%3Bh%C3%A9ritage%20culinaire%20cistercien%20lanc%C3%A9%20lors%20de%20la%20r%C3%A9union%20de%20lancement%20%C3%A0%20Vy%C5%A1%C5%A1%C3%AD%20Brod\" target=\"_blank\" rel=\"noreferrer\" title=\"Facebook\" aria-label=\"Facebook\" data-placement=\"top\" data-toggle=\"tooltip\" data-title=\"Facebook\"><i class=\"fusion-social-network-icon fusion-tooltip fusion-facebook awb-icon-facebook\" style=\"color:#ffffff;background-color:#3b5998;border-color:#3b5998;border-radius:0px;\" aria-hidden=\"true\"><\/i><\/a><\/span><span><a href=\"https:\/\/x.com\/intent\/post?text=10%20mars%202023%20%3A%20Un%20projet%20de%20coop%C3%A9ration%20entre%20trois%20pays%20sur%20l%E2%80%99h%C3%A9ritage%20culinaire%20cistercien%20lanc%C3%A9%20lors%20de%20la%20r%C3%A9union%20de%20lancement%20%C3%A0%20Vy%C5%A1%C5%A1%C3%AD%20Brod&amp;url=https%3A%2F%2Fcisterscapes.eu%2Ffr%2F10-mars-2023-un-projet-de-cooperation-entre-trois-pays-sur-lheritage-culinaire-cistercien-lance-lors-de-la-reunion-de-lancement-a-vyssi-brod%2F\" target=\"_blank\" rel=\"noopener noreferrer\" title=\"X\" aria-label=\"X\" data-placement=\"top\" data-toggle=\"tooltip\" data-title=\"X\"><i class=\"fusion-social-network-icon fusion-tooltip fusion-twitter awb-icon-twitter\" style=\"color:#ffffff;background-color:#000000;border-color:#000000;border-radius:0px;\" aria-hidden=\"true\"><\/i><\/a><\/span><span><a href=\"https:\/\/www.linkedin.com\/shareArticle?mini=true&amp;url=https%3A%2F%2Fcisterscapes.eu%2Ffr%2F10-mars-2023-un-projet-de-cooperation-entre-trois-pays-sur-lheritage-culinaire-cistercien-lance-lors-de-la-reunion-de-lancement-a-vyssi-brod%2F&amp;title=10%20mars%202023%20%3A%20Un%20projet%20de%20coop%C3%A9ration%20entre%20trois%20pays%20sur%20l%26rsquo%3Bh%C3%A9ritage%20culinaire%20cistercien%20lanc%C3%A9%20lors%20de%20la%20r%C3%A9union%20de%20lancement%20%C3%A0%20Vy%C5%A1%C5%A1%C3%AD%20Brod&amp;summary=Your%20Content%20Goes%20Here%20%20%20%20%20%0D%0A%0D%0A%0D%0A%0D%0A%0D%0ALes%20Cisterciens%20sont%20un%20ordre%20v%C3%A9ritablement%20europ%C3%A9en%20qui%20s%26%2339%3Best%20r%C3%A9pandu%20dans%20de%20nombreux%20pays%20depuis%20le%20Moyen-%C3%82ge%20et%20qui%20continue%20%C3%A0%20marquer%20les%20paysages%20culturels%20de%20nombreux%20endroits.%20Le%20nouveau%20projet%20%26quot%3BH%C3%A9ritage%20culinaire%20des%20Cisterciens%20en%20Europe%20centrale%26quot%3B%2C%20dont%20les%20responsables%20tch%C3%A8ques%2C\" target=\"_blank\" rel=\"noopener noreferrer\" title=\"LinkedIn\" aria-label=\"LinkedIn\" data-placement=\"top\" data-toggle=\"tooltip\" data-title=\"LinkedIn\"><i class=\"fusion-social-network-icon fusion-tooltip fusion-linkedin awb-icon-linkedin\" style=\"color:#ffffff;background-color:#0077b5;border-color:#0077b5;border-radius:0px;\" aria-hidden=\"true\"><\/i><\/a><\/span><span><a href=\"https:\/\/api.whatsapp.com\/send?text=https%3A%2F%2Fcisterscapes.eu%2Ffr%2F10-mars-2023-un-projet-de-cooperation-entre-trois-pays-sur-lheritage-culinaire-cistercien-lance-lors-de-la-reunion-de-lancement-a-vyssi-brod%2F\" target=\"_blank\" rel=\"noopener noreferrer\" title=\"WhatsApp\" aria-label=\"WhatsApp\" data-placement=\"top\" data-toggle=\"tooltip\" data-title=\"WhatsApp\"><i class=\"fusion-social-network-icon fusion-tooltip fusion-whatsapp awb-icon-whatsapp\" style=\"color:#ffffff;background-color:#77e878;border-color:#77e878;border-radius:0px;\" aria-hidden=\"true\"><\/i><\/a><\/span><span><a href=\"https:\/\/t.me\/share\/url?url=https%3A%2F%2Fcisterscapes.eu%2Ffr%2F10-mars-2023-un-projet-de-cooperation-entre-trois-pays-sur-lheritage-culinaire-cistercien-lance-lors-de-la-reunion-de-lancement-a-vyssi-brod%2F&amp;text=10%20mars%202023%20%3A%20Un%20projet%20de%20coop%C3%A9ration%20entre%20trois%20pays%20sur%20l%26rsquo%3Bh%C3%A9ritage%20culinaire%20cistercien%20lanc%C3%A9%20lors%20de%20la%20r%C3%A9union%20de%20lancement%20%C3%A0%20Vy%C5%A1%C5%A1%C3%AD%20Brod\" target=\"_blank\" rel=\"noopener noreferrer\" title=\"Telegram\" aria-label=\"Telegram\" data-placement=\"top\" data-toggle=\"tooltip\" data-title=\"Telegram\"><i class=\"fusion-social-network-icon fusion-tooltip fusion-telegram awb-icon-telegram\" style=\"color:#ffffff;background-color:#0088cc;border-color:#0088cc;border-radius:0px;\" aria-hidden=\"true\"><\/i><\/a><\/span><span><a href=\"mailto:?subject=10%20mars%202023%20%3A%20Un%20projet%20de%20coop%C3%A9ration%20entre%20trois%20pays%20sur%20l%26rsquo%3Bh%C3%A9ritage%20culinaire%20cistercien%20lanc%C3%A9%20lors%20de%20la%20r%C3%A9union%20de%20lancement%20%C3%A0%20Vy%C5%A1%C5%A1%C3%AD%20Brod&amp;body=https%3A%2F%2Fcisterscapes.eu%2Ffr%2F10-mars-2023-un-projet-de-cooperation-entre-trois-pays-sur-lheritage-culinaire-cistercien-lance-lors-de-la-reunion-de-lancement-a-vyssi-brod%2F\" target=\"_self\" title=\"Courriel\" aria-label=\"Courriel\" data-placement=\"top\" data-toggle=\"tooltip\" data-title=\"Courriel\"><i class=\"fusion-social-network-icon fusion-tooltip fusion-mail awb-icon-mail\" style=\"color:#ffffff;background-color:#000000;border-color:#000000;border-radius:0px;\" aria-hidden=\"true\"><\/i><\/a><\/span><\/div><\/div><\/div><\/div><\/div><\/div><\/p>\n","protected":false},"excerpt":{"rendered":"","protected":false},"author":1,"featured_media":7995,"comment_status":"closed","ping_status":"closed","sticky":false,"template":"","format":"standard","meta":{"footnotes":""},"categories":[],"tags":[],"class_list":["post-7990","post","type-post","status-publish","format-standard","has-post-thumbnail","hentry"],"_links":{"self":[{"href":"https:\/\/cisterscapes.eu\/fr\/wp-json\/wp\/v2\/posts\/7990","targetHints":{"allow":["GET"]}}],"collection":[{"href":"https:\/\/cisterscapes.eu\/fr\/wp-json\/wp\/v2\/posts"}],"about":[{"href":"https:\/\/cisterscapes.eu\/fr\/wp-json\/wp\/v2\/types\/post"}],"author":[{"embeddable":true,"href":"https:\/\/cisterscapes.eu\/fr\/wp-json\/wp\/v2\/users\/1"}],"replies":[{"embeddable":true,"href":"https:\/\/cisterscapes.eu\/fr\/wp-json\/wp\/v2\/comments?post=7990"}],"version-history":[{"count":0,"href":"https:\/\/cisterscapes.eu\/fr\/wp-json\/wp\/v2\/posts\/7990\/revisions"}],"wp:featuredmedia":[{"embeddable":true,"href":"https:\/\/cisterscapes.eu\/fr\/wp-json\/wp\/v2\/media\/7995"}],"wp:attachment":[{"href":"https:\/\/cisterscapes.eu\/fr\/wp-json\/wp\/v2\/media?parent=7990"}],"wp:term":[{"taxonomy":"category","embeddable":true,"href":"https:\/\/cisterscapes.eu\/fr\/wp-json\/wp\/v2\/categories?post=7990"},{"taxonomy":"post_tag","embeddable":true,"href":"https:\/\/cisterscapes.eu\/fr\/wp-json\/wp\/v2\/tags?post=7990"}],"curies":[{"name":"wp","href":"https:\/\/api.w.org\/{rel}","templated":true}]}}