{"id":20131,"date":"2026-04-28T19:18:34","date_gmt":"2026-04-28T17:18:34","guid":{"rendered":"https:\/\/cisterscapes.eu\/zmiana-na-szczycie-okregu-bamberg\/"},"modified":"2026-04-29T10:58:40","modified_gmt":"2026-04-29T08:58:40","slug":"zmiana-na-szczycie-okregu-bamberg","status":"publish","type":"post","link":"https:\/\/cisterscapes.eu\/pl\/zmiana-na-szczycie-okregu-bamberg\/","title":{"rendered":"Zmiana na szczycie okr\u0119gu Bamberg"},"content":{"rendered":"<p><strong>Po 12 latach urz\u0119dowania starosta Johann Kalb przekazuje obowi\u0105zki nowemu staro\u015bcie Johannesowi Maciejonczykowi.<\/strong><\/p>\n<p>&nbsp;<\/p>\n<p>Ceremonia po\u017cegnania starosty Johanna Kalba odby\u0142a si\u0119 w poniedzia\u0142ek, 27 kwietnia 2026 roku. Po 12 latach na czele powiatu Bamberg, Johann Kalb przeka\u017ce 1 maja obowi\u0105zki nowemu administratorowi Johannesowi Maciejonczykowi (CSU). <\/p>\n<p>Cisterscapes by\u0142 i jest jednym z ulubionych projekt\u00f3w Johanna Kalba. Da\u0142 to wyra\u017anie do zrozumienia w swoim przem\u00f3wieniu.<br \/>\nLiczni partnerzy i interesariusze sieci Cisterscapes podzi\u0119kowali Johannowi Kalbowi za jego niesamowite zaanga\u017cowanie i wsparcie polityczne na drodze do Znaku Dziedzictwa Europejskiego w formie bardzo osobistej wiadomo\u015bci wideo. <\/p>\n<p>\u017byczymy Johannowi Kalbowi i jego rodzinie wszystkiego najlepszego i z niecierpliwo\u015bci\u0105 czekamy na wsp\u00f3\u0142prac\u0119 z naszym nowym starost\u0105 Johannesem Maciejonczykiem!<\/p>\n<p>&nbsp;<\/p>\n<p>Na zdj\u0119ciu (od lewej): Johannes Maciejonczyk, dr Monika Riemer-Maciejonczyk, Monika Kalb, starosta Johann Kalb<\/p>\n<p>Zdj\u0119cie: Urz\u0105d dzielnicy Bamberg\/Ronald Rinklef<\/p>\n","protected":false},"excerpt":{"rendered":"<p>Po 12 latach urz\u0119dowania starosta Johann Kalb przekazuje obowi\u0105zki nowemu staro\u015bcie Johannesowi Maciejonczykowi. &nbsp; Ceremonia po\u017cegnania starosty Johanna Kalba odby\u0142a si\u0119 w poniedzia\u0142ek, 27 kwietnia 2026 roku. Po 12 latach na czele powiatu Bamberg, Johann Kalb przeka\u017ce 1 maja obowi\u0105zki nowemu administratorowi Johannesowi Maciejonczykowi (CSU). Cisterscapes by\u0142 i jest jednym z ulubionych projekt\u00f3w Johanna Kalba.<\/p>\n","protected":false},"author":1,"featured_media":0,"comment_status":"closed","ping_status":"closed","sticky":false,"template":"","format":"standard","meta":{"footnotes":""},"categories":[601],"tags":[],"class_list":["post-20131","post","type-post","status-publish","format-standard","hentry","category-pobieranie-prasy"],"_links":{"self":[{"href":"https:\/\/cisterscapes.eu\/pl\/wp-json\/wp\/v2\/posts\/20131","targetHints":{"allow":["GET"]}}],"collection":[{"href":"https:\/\/cisterscapes.eu\/pl\/wp-json\/wp\/v2\/posts"}],"about":[{"href":"https:\/\/cisterscapes.eu\/pl\/wp-json\/wp\/v2\/types\/post"}],"author":[{"embeddable":true,"href":"https:\/\/cisterscapes.eu\/pl\/wp-json\/wp\/v2\/users\/1"}],"replies":[{"embeddable":true,"href":"https:\/\/cisterscapes.eu\/pl\/wp-json\/wp\/v2\/comments?post=20131"}],"version-history":[{"count":1,"href":"https:\/\/cisterscapes.eu\/pl\/wp-json\/wp\/v2\/posts\/20131\/revisions"}],"predecessor-version":[{"id":20188,"href":"https:\/\/cisterscapes.eu\/pl\/wp-json\/wp\/v2\/posts\/20131\/revisions\/20188"}],"wp:attachment":[{"href":"https:\/\/cisterscapes.eu\/pl\/wp-json\/wp\/v2\/media?parent=20131"}],"wp:term":[{"taxonomy":"category","embeddable":true,"href":"https:\/\/cisterscapes.eu\/pl\/wp-json\/wp\/v2\/categories?post=20131"},{"taxonomy":"post_tag","embeddable":true,"href":"https:\/\/cisterscapes.eu\/pl\/wp-json\/wp\/v2\/tags?post=20131"}],"curies":[{"name":"wp","href":"https:\/\/api.w.org\/{rel}","templated":true}]}}