{"id":6202,"date":"2024-09-11T12:50:46","date_gmt":"2024-09-11T10:50:46","guid":{"rendered":"https:\/\/cisterscapes.eu\/pejzaz-klasztorny-w-scenerii-ramki-krajobrazowe-w-regionie-stiftland\/"},"modified":"2025-04-23T12:15:27","modified_gmt":"2025-04-23T10:15:27","slug":"pejzaz-klasztorny-w-scenerii-ramki-krajobrazowe-w-regionie-stiftland","status":"publish","type":"post","link":"https:\/\/cisterscapes.eu\/pl\/pejzaz-klasztorny-w-scenerii-ramki-krajobrazowe-w-regionie-stiftland\/","title":{"rendered":"Pejza\u017c klasztorny w scenerii - ramki krajobrazowe w regionie Stiftland"},"content":{"rendered":"<p>Zatrzymaj si\u0119 i podziwiaj krajobraz klasztoru! Przez ca\u0142y rok dziesi\u0119\u0107 ram krajobrazowych w Stiftland zaprasza do zatrzymania si\u0119 i podziwiania fragmentu krajobrazu w swoistej ramie obrazu. Celem jest nie tylko oddanie pi\u0119kna klasztornego krajobrazu, kt\u00f3ry przez wieki charakteryzowa\u0142 cysters\u00f3w, ale tak\u017ce u\u015bwiadomienie odwiedzaj\u0105cym, \u017ce praca mnich\u00f3w nie koncentrowa\u0142a si\u0119 tylko w klasztornym mie\u015bcie Waldsassen. Podkre\u015bla to ramka z napisem &#8222;My Stiftland&#8221;. Tylko dwie ramki zwracaj\u0105 uwag\u0119 na klasztor w Waldsassen.    <\/p>\n<p>Je\u015bli chcesz dowiedzie\u0107 si\u0119 wi\u0119cej o historii cysters\u00f3w w Stiftland, w ramce znajdziesz link do audioprzewodnika &#8222;Cystersi w Stiftland&#8221;.<\/p>\n<p>Te ramy krajobrazowe i wieloj\u0119zyczny przewodnik audio zosta\u0142y sfinansowane przez Bawarskie Ministerstwo \u017bywno\u015bci, Rolnictwa i Le\u015bnictwa oraz Europejski Fundusz Rolny na rzecz Rozwoju Obszar\u00f3w Wiejskich (EFRROW).<\/p>\n","protected":false},"excerpt":{"rendered":"<p>Zatrzymaj si\u0119 i podziwiaj krajobraz klasztoru! Przez ca\u0142y rok dziesi\u0119\u0107 ram krajobrazowych w Stiftland zaprasza do zatrzymania si\u0119 i podziwiania fragmentu krajobrazu w swoistej ramie obrazu. Celem jest nie tylko oddanie pi\u0119kna klasztornego krajobrazu, kt\u00f3ry przez wieki charakteryzowa\u0142 cysters\u00f3w, ale tak\u017ce u\u015bwiadomienie odwiedzaj\u0105cym, \u017ce praca mnich\u00f3w nie koncentrowa\u0142a si\u0119 tylko w klasztornym mie\u015bcie Waldsassen. Podkre\u015bla<\/p>\n","protected":false},"author":9,"featured_media":6207,"comment_status":"closed","ping_status":"closed","sticky":false,"template":"","format":"standard","meta":{"footnotes":""},"categories":[180],"tags":[],"class_list":["post-6202","post","type-post","status-publish","format-standard","has-post-thumbnail","hentry","category-waldsassen-pl"],"_links":{"self":[{"href":"https:\/\/cisterscapes.eu\/pl\/wp-json\/wp\/v2\/posts\/6202","targetHints":{"allow":["GET"]}}],"collection":[{"href":"https:\/\/cisterscapes.eu\/pl\/wp-json\/wp\/v2\/posts"}],"about":[{"href":"https:\/\/cisterscapes.eu\/pl\/wp-json\/wp\/v2\/types\/post"}],"author":[{"embeddable":true,"href":"https:\/\/cisterscapes.eu\/pl\/wp-json\/wp\/v2\/users\/9"}],"replies":[{"embeddable":true,"href":"https:\/\/cisterscapes.eu\/pl\/wp-json\/wp\/v2\/comments?post=6202"}],"version-history":[{"count":0,"href":"https:\/\/cisterscapes.eu\/pl\/wp-json\/wp\/v2\/posts\/6202\/revisions"}],"wp:featuredmedia":[{"embeddable":true,"href":"https:\/\/cisterscapes.eu\/pl\/wp-json\/wp\/v2\/media\/6207"}],"wp:attachment":[{"href":"https:\/\/cisterscapes.eu\/pl\/wp-json\/wp\/v2\/media?parent=6202"}],"wp:term":[{"taxonomy":"category","embeddable":true,"href":"https:\/\/cisterscapes.eu\/pl\/wp-json\/wp\/v2\/categories?post=6202"},{"taxonomy":"post_tag","embeddable":true,"href":"https:\/\/cisterscapes.eu\/pl\/wp-json\/wp\/v2\/tags?post=6202"}],"curies":[{"name":"wp","href":"https:\/\/api.w.org\/{rel}","templated":true}]}}