{"id":11358,"date":"2025-05-15T09:27:16","date_gmt":"2025-05-15T07:27:16","guid":{"rendered":"https:\/\/cisterscapes.eu\/navdihovanje-mladih-za-evropsko-kulturno-dediscino-in-ustvarjanje-evropskih-mrez\/"},"modified":"2025-07-29T10:55:21","modified_gmt":"2025-07-29T08:55:21","slug":"navdihovanje-mladih-za-evropsko-kulturno-dediscino-in-ustvarjanje-evropskih-mrez","status":"publish","type":"post","link":"https:\/\/cisterscapes.eu\/sl\/navdihovanje-mladih-za-evropsko-kulturno-dediscino-in-ustvarjanje-evropskih-mrez\/","title":{"rendered":"Navdihovanje mladih za evropsko kulturno dedi\u0161\u010dino in ustvarjanje evropskih mre\u017e"},"content":{"rendered":"<p><strong>Knji\u017enice kot prostori evropske zgodovine: Waldsassen - knji\u017enica cistercijanov in grad K\u00f6nigswart - knji\u017enica kneza Klemensa Metternicha<\/strong><\/p>\n<p>Objekta EKS, grad K\u00f6nigswart in cisterscapes-Waldsassen, sta skupaj razvila program, namenjen mladim med 10. in 16. letom starosti iz Nem\u010dije in \u010ce\u0161ke, ki jih povezuje prek dr\u017eavnih meja.<\/p>\n<p>Grad K\u00f6nigswart in samostansko mestece Waldsassen z okoli\u0161ko samostansko pokrajino pogosto obi\u0161\u010dejo odrasli, ki jih zanima kultura. Mladi se za obe znamenitosti praviloma zanimajo manj. Verjetno se ne zavedajo, da se za stoletnimi grajskimi in samostanskimi zidovi skriva marsikaj, kar neposredno vpliva na njihovo sedanje \u017eivljenje.  <\/p>\n<p>S knji\u017eico, prilagojeno starosti, in nadnacionalnimi projektnimi dnevi za mlade iz Nem\u010dije in \u010ce\u0161ke so organizatorji na obeh mestih pripravili raziskovanje \u017eivljenja in misli dveh velikih Evropejcev Bernharda von Clairvauxa (Waldsassen) in princa von Metternicha (K\u00f6nigswart). Vzporednice med obema krajema obstajajo tudi zaradi obstoja pomembnih, nacionalno znanih knji\u017enic, ki jih mladi prav tako odkrivajo. <\/p>\n<p>Da bi se mladi za\u010deli zanimati za evropsko dedi\u0161\u010dino, ne le v okviru trenutnega projekta, ki ga sofinancirata Evropska unija in GOPA PACE, so v Waldsassenu in K\u00f6nigswartu organizirani dnevi usposabljanja za lokalne turisti\u010dne vodnike.<\/p>\n<p>&nbsp;<\/p>\n<p>\u010ce ste zainteresirani za va\u0161 \u0161olski razred ali mladinsko skupino, se obrnite na nas na<\/p>\n<p>&nbsp;<\/p>\n<p>Znak evropske dedi\u0161\u010dine<\/p>\n<p>Martina Zanner<\/p>\n<p>Johannisplatz 3 | 95652 Waldsassen<\/p>\n<p><a href=\"mailto:martina.zanner@ikomstiftland.de\">martina.zanner@ikomstiftland.de<\/a><\/p>\n<p>&nbsp;<\/p>\n<p>Projekt<\/p>\n<p><strong>Knji\u017enice kot prostori evropske zgodovine: Waldsassen - knji\u017enica cistercijanov in grad K\u00f6nigswart - knji\u017enica kneza Klemensa Metternicha<\/strong><\/p>\n<p>sofinancirata <strong>Evropska unija<\/strong> in <strong>GOPA PACE<\/strong>.<\/p>\n<p><img decoding=\"async\" class=\"lazyload alignnone size-medium wp-image-11338\" src=\"https:\/\/cisterscapes.eu\/wp-content\/uploads\/2025\/05\/EN-Co-funded-by-the-EU_PANTONE-300x63.jpg\" data-orig-src=\"https:\/\/cisterscapes.eu\/wp-content\/uploads\/2025\/05\/EN-Co-funded-by-the-EU_PANTONE-300x63.jpg\" alt=\"\" width=\"300\" height=\"63\" srcset=\"data:image\/svg+xml,%3Csvg%20xmlns%3D%27http%3A%2F%2Fwww.w3.org%2F2000%2Fsvg%27%20width%3D%27300%27%20height%3D%2763%27%20viewBox%3D%270%200%20300%2063%27%3E%3Crect%20width%3D%27300%27%20height%3D%2763%27%20fill-opacity%3D%220%22%2F%3E%3C%2Fsvg%3E\" data-srcset=\"https:\/\/cisterscapes.eu\/wp-content\/uploads\/2025\/05\/EN-Co-funded-by-the-EU_PANTONE-200x42.jpg 200w, https:\/\/cisterscapes.eu\/wp-content\/uploads\/2025\/05\/EN-Co-funded-by-the-EU_PANTONE-300x63.jpg 300w, https:\/\/cisterscapes.eu\/wp-content\/uploads\/2025\/05\/EN-Co-funded-by-the-EU_PANTONE-400x84.jpg 400w, https:\/\/cisterscapes.eu\/wp-content\/uploads\/2025\/05\/EN-Co-funded-by-the-EU_PANTONE-600x126.jpg 600w, https:\/\/cisterscapes.eu\/wp-content\/uploads\/2025\/05\/EN-Co-funded-by-the-EU_PANTONE-768x161.jpg 768w, https:\/\/cisterscapes.eu\/wp-content\/uploads\/2025\/05\/EN-Co-funded-by-the-EU_PANTONE-800x168.jpg 800w, https:\/\/cisterscapes.eu\/wp-content\/uploads\/2025\/05\/EN-Co-funded-by-the-EU_PANTONE-1024x215.jpg 1024w, https:\/\/cisterscapes.eu\/wp-content\/uploads\/2025\/05\/EN-Co-funded-by-the-EU_PANTONE-1200x252.jpg 1200w, https:\/\/cisterscapes.eu\/wp-content\/uploads\/2025\/05\/EN-Co-funded-by-the-EU_PANTONE-1536x322.jpg 1536w\" data-sizes=\"auto\" data-orig-sizes=\"(max-width: 300px) 100vw, 300px\" \/> <img decoding=\"async\" class=\"lazyload alignnone wp-image-11344\" src=\"https:\/\/cisterscapes.eu\/wp-content\/uploads\/2025\/05\/EHLB_logo___Positive-300x300.jpg\" data-orig-src=\"https:\/\/cisterscapes.eu\/wp-content\/uploads\/2025\/05\/EHLB_logo___Positive-300x300.jpg\" alt=\"\" width=\"127\" height=\"127\" srcset=\"data:image\/svg+xml,%3Csvg%20xmlns%3D%27http%3A%2F%2Fwww.w3.org%2F2000%2Fsvg%27%20width%3D%27127%27%20height%3D%27127%27%20viewBox%3D%270%200%20127%20127%27%3E%3Crect%20width%3D%27127%27%20height%3D%27127%27%20fill-opacity%3D%220%22%2F%3E%3C%2Fsvg%3E\" data-srcset=\"https:\/\/cisterscapes.eu\/wp-content\/uploads\/2025\/05\/EHLB_logo___Positive-66x66.jpg 66w, https:\/\/cisterscapes.eu\/wp-content\/uploads\/2025\/05\/EHLB_logo___Positive-150x150.jpg 150w, https:\/\/cisterscapes.eu\/wp-content\/uploads\/2025\/05\/EHLB_logo___Positive-200x200.jpg 200w, https:\/\/cisterscapes.eu\/wp-content\/uploads\/2025\/05\/EHLB_logo___Positive-300x300.jpg 300w, https:\/\/cisterscapes.eu\/wp-content\/uploads\/2025\/05\/EHLB_logo___Positive-400x400.jpg 400w, https:\/\/cisterscapes.eu\/wp-content\/uploads\/2025\/05\/EHLB_logo___Positive-600x600.jpg 600w, https:\/\/cisterscapes.eu\/wp-content\/uploads\/2025\/05\/EHLB_logo___Positive-768x768.jpg 768w, https:\/\/cisterscapes.eu\/wp-content\/uploads\/2025\/05\/EHLB_logo___Positive-800x800.jpg 800w, https:\/\/cisterscapes.eu\/wp-content\/uploads\/2025\/05\/EHLB_logo___Positive-1024x1024.jpg 1024w, https:\/\/cisterscapes.eu\/wp-content\/uploads\/2025\/05\/EHLB_logo___Positive-1200x1200.jpg 1200w, https:\/\/cisterscapes.eu\/wp-content\/uploads\/2025\/05\/EHLB_logo___Positive-1536x1536.jpg 1536w\" data-sizes=\"auto\" data-orig-sizes=\"(max-width: 127px) 100vw, 127px\" \/>           <img decoding=\"async\" class=\"lazyload alignnone wp-image-11332\" src=\"https:\/\/cisterscapes.eu\/wp-content\/uploads\/2025\/05\/EHL_Positif-PMS_DE-300x188.jpg\" data-orig-src=\"https:\/\/cisterscapes.eu\/wp-content\/uploads\/2025\/05\/EHL_Positif-PMS_DE-300x188.jpg\" alt=\"\" width=\"219\" height=\"137\" srcset=\"data:image\/svg+xml,%3Csvg%20xmlns%3D%27http%3A%2F%2Fwww.w3.org%2F2000%2Fsvg%27%20width%3D%27219%27%20height%3D%27137%27%20viewBox%3D%270%200%20219%20137%27%3E%3Crect%20width%3D%27219%27%20height%3D%27137%27%20fill-opacity%3D%220%22%2F%3E%3C%2Fsvg%3E\" data-srcset=\"https:\/\/cisterscapes.eu\/wp-content\/uploads\/2025\/05\/EHL_Positif-PMS_DE-200x125.jpg 200w, https:\/\/cisterscapes.eu\/wp-content\/uploads\/2025\/05\/EHL_Positif-PMS_DE-300x188.jpg 300w, https:\/\/cisterscapes.eu\/wp-content\/uploads\/2025\/05\/EHL_Positif-PMS_DE-320x202.jpg 320w, https:\/\/cisterscapes.eu\/wp-content\/uploads\/2025\/05\/EHL_Positif-PMS_DE-400x250.jpg 400w, https:\/\/cisterscapes.eu\/wp-content\/uploads\/2025\/05\/EHL_Positif-PMS_DE-600x375.jpg 600w, https:\/\/cisterscapes.eu\/wp-content\/uploads\/2025\/05\/EHL_Positif-PMS_DE-700x441.jpg 700w, https:\/\/cisterscapes.eu\/wp-content\/uploads\/2025\/05\/EHL_Positif-PMS_DE-768x480.jpg 768w, https:\/\/cisterscapes.eu\/wp-content\/uploads\/2025\/05\/EHL_Positif-PMS_DE-800x500.jpg 800w, https:\/\/cisterscapes.eu\/wp-content\/uploads\/2025\/05\/EHL_Positif-PMS_DE-1024x640.jpg 1024w, https:\/\/cisterscapes.eu\/wp-content\/uploads\/2025\/05\/EHL_Positif-PMS_DE-1200x750.jpg 1200w, https:\/\/cisterscapes.eu\/wp-content\/uploads\/2025\/05\/EHL_Positif-PMS_DE-1536x960.jpg 1536w\" data-sizes=\"auto\" data-orig-sizes=\"(max-width: 219px) 100vw, 219px\" \/><\/p>\n","protected":false},"excerpt":{"rendered":"<p>Knji\u017enice kot prostori evropske zgodovine: Waldsassen - knji\u017enica cistercijanov in grad K\u00f6nigswart - knji\u017enica kneza Klemensa Metternicha Objekta EKS, grad K\u00f6nigswart in cisterscapes-Waldsassen, sta skupaj razvila program, namenjen mladim med 10. in 16. letom starosti iz Nem\u010dije in \u010ce\u0161ke, ki jih povezuje prek dr\u017eavnih meja. Grad K\u00f6nigswart in samostansko mestece Waldsassen z okoli\u0161ko samostansko pokrajino<\/p>\n","protected":false},"author":9,"featured_media":11355,"comment_status":"closed","ping_status":"closed","sticky":false,"template":"","format":"standard","meta":{"footnotes":""},"categories":[197,179],"tags":[],"class_list":["post-11358","post","type-post","status-publish","format-standard","has-post-thumbnail","hentry","category-cisterscapes-sl","category-waldsassen-sl"],"_links":{"self":[{"href":"https:\/\/cisterscapes.eu\/sl\/wp-json\/wp\/v2\/posts\/11358","targetHints":{"allow":["GET"]}}],"collection":[{"href":"https:\/\/cisterscapes.eu\/sl\/wp-json\/wp\/v2\/posts"}],"about":[{"href":"https:\/\/cisterscapes.eu\/sl\/wp-json\/wp\/v2\/types\/post"}],"author":[{"embeddable":true,"href":"https:\/\/cisterscapes.eu\/sl\/wp-json\/wp\/v2\/users\/9"}],"replies":[{"embeddable":true,"href":"https:\/\/cisterscapes.eu\/sl\/wp-json\/wp\/v2\/comments?post=11358"}],"version-history":[{"count":0,"href":"https:\/\/cisterscapes.eu\/sl\/wp-json\/wp\/v2\/posts\/11358\/revisions"}],"wp:featuredmedia":[{"embeddable":true,"href":"https:\/\/cisterscapes.eu\/sl\/wp-json\/wp\/v2\/media\/11355"}],"wp:attachment":[{"href":"https:\/\/cisterscapes.eu\/sl\/wp-json\/wp\/v2\/media?parent=11358"}],"wp:term":[{"taxonomy":"category","embeddable":true,"href":"https:\/\/cisterscapes.eu\/sl\/wp-json\/wp\/v2\/categories?post=11358"},{"taxonomy":"post_tag","embeddable":true,"href":"https:\/\/cisterscapes.eu\/sl\/wp-json\/wp\/v2\/tags?post=11358"}],"curies":[{"name":"wp","href":"https:\/\/api.w.org\/{rel}","templated":true}]}}