{"id":11605,"date":"2025-05-25T12:39:50","date_gmt":"2025-05-25T10:39:50","guid":{"rendered":"https:\/\/cisterscapes.eu\/dve-knjiznici-in-dva-velika-evropejca-kot-graditelja-mostov-za-danasnjo-mladino\/"},"modified":"2025-07-29T10:56:08","modified_gmt":"2025-07-29T08:56:08","slug":"dve-knjiznici-in-dva-velika-evropejca-kot-graditelja-mostov-za-danasnjo-mladino","status":"publish","type":"post","link":"https:\/\/cisterscapes.eu\/sl\/dve-knjiznici-in-dva-velika-evropejca-kot-graditelja-mostov-za-danasnjo-mladino\/","title":{"rendered":"Dve knji\u017enici in dva velika Evropejca kot graditelja mostov za dana\u0161njo mladino"},"content":{"rendered":"<p>Dijaki dekli\u0161ke srednje \u0161ole pri cistercijanski opatiji v Waldsassenu in iz Dolnjega \u017dandova so se med projektnim dnem v Waldsassenu hitro spoznali. Po kratkem uvodu v nekdanjem refektoriju cistercijanskih menihov, ki je \u010de\u0161ke goste \u0161e posebej navdu\u0161il, si je pribli\u017eno 50 mladih ogledalo opatijsko knji\u017enico. \u0160tevilni waldsassenski u\u010denci so bili tam prvi\u010d. S pomo\u010djo knji\u017eice, ki je nastala posebej za ta projekt, so u\u010denci v me\u0161anih nem\u0161ko-\u010de\u0161kih skupinah obravnavali upodobitve vrlin v atlasih, ki jih je ustvaril Karl Stilp. Hitro so pri\u0161li v stik drug z drugim in spoznali, da so zaradi istih slabih navad medosebni stiki na obeh straneh meje ote\u017eeni.    <\/p>\n<p>Sledila je razprava o Evropi in znaku evropske dedi\u0161\u010dine. Pri tem je postalo jasno, da je mednarodna izmenjava za mlade pomembna kljub njihovim vezem z mati\u010dno dr\u017eavo. Na primeru cistercijanskega reda in zlasti Bernarda iz Clairvauxa je bilo prikazano, kako lahko deluje evropsko povezovanje.  <\/p>\n<p>Kako mo\u010dno so se mladi \u017ee povezali, se je pokazalo med skupnim kosilom v cerkvi svetega Jo\u017eefa in interaktivnimi igrami v popoldanskem \u010dasu. Kratek obisk kolegiatne bazilike je bil za \u010de\u0161ke goste \u0161e dodatna zanimivost. <\/p>\n<p>Na koncu se je bilo te\u017eko posloviti drug od drugega. Pri\u010dakovanje ponovnega sre\u010danja na gradu K\u00f6nigswart je na obeh straneh \u0161e toliko ve\u010dje. <\/p>\n<p>&nbsp;<\/p>\n<p>Projekt<\/p>\n<p><strong>Knji\u017enice kot prostori evropske zgodovine: Waldsassen - knji\u017enica cistercijanov in grad K\u00f6nigswart - knji\u017enica kneza Klemensa Metternicha<\/strong><\/p>\n<p>sofinancirata <strong>Evropska unija<\/strong> in <strong>GOPA PACE<\/strong>.<\/p>\n<p><img decoding=\"async\" class=\"lazyload alignnone size-medium wp-image-11338\" src=\"https:\/\/cisterscapes.eu\/wp-content\/uploads\/2025\/05\/EN-Co-funded-by-the-EU_PANTONE-300x63.jpg\" data-orig-src=\"https:\/\/cisterscapes.eu\/wp-content\/uploads\/2025\/05\/EN-Co-funded-by-the-EU_PANTONE-300x63.jpg\" alt=\"\" width=\"300\" height=\"63\" srcset=\"data:image\/svg+xml,%3Csvg%20xmlns%3D%27http%3A%2F%2Fwww.w3.org%2F2000%2Fsvg%27%20width%3D%27300%27%20height%3D%2763%27%20viewBox%3D%270%200%20300%2063%27%3E%3Crect%20width%3D%27300%27%20height%3D%2763%27%20fill-opacity%3D%220%22%2F%3E%3C%2Fsvg%3E\" data-srcset=\"https:\/\/cisterscapes.eu\/wp-content\/uploads\/2025\/05\/EN-Co-funded-by-the-EU_PANTONE-200x42.jpg 200w, https:\/\/cisterscapes.eu\/wp-content\/uploads\/2025\/05\/EN-Co-funded-by-the-EU_PANTONE-300x63.jpg 300w, https:\/\/cisterscapes.eu\/wp-content\/uploads\/2025\/05\/EN-Co-funded-by-the-EU_PANTONE-400x84.jpg 400w, https:\/\/cisterscapes.eu\/wp-content\/uploads\/2025\/05\/EN-Co-funded-by-the-EU_PANTONE-600x126.jpg 600w, https:\/\/cisterscapes.eu\/wp-content\/uploads\/2025\/05\/EN-Co-funded-by-the-EU_PANTONE-768x161.jpg 768w, https:\/\/cisterscapes.eu\/wp-content\/uploads\/2025\/05\/EN-Co-funded-by-the-EU_PANTONE-800x168.jpg 800w, https:\/\/cisterscapes.eu\/wp-content\/uploads\/2025\/05\/EN-Co-funded-by-the-EU_PANTONE-1024x215.jpg 1024w, https:\/\/cisterscapes.eu\/wp-content\/uploads\/2025\/05\/EN-Co-funded-by-the-EU_PANTONE-1200x252.jpg 1200w, https:\/\/cisterscapes.eu\/wp-content\/uploads\/2025\/05\/EN-Co-funded-by-the-EU_PANTONE-1536x322.jpg 1536w\" data-sizes=\"auto\" data-orig-sizes=\"(max-width: 300px) 100vw, 300px\" \/> <img decoding=\"async\" class=\"lazyload alignnone wp-image-11344\" src=\"https:\/\/cisterscapes.eu\/wp-content\/uploads\/2025\/05\/EHLB_logo___Positive-300x300.jpg\" data-orig-src=\"https:\/\/cisterscapes.eu\/wp-content\/uploads\/2025\/05\/EHLB_logo___Positive-300x300.jpg\" alt=\"\" width=\"87\" height=\"87\" srcset=\"data:image\/svg+xml,%3Csvg%20xmlns%3D%27http%3A%2F%2Fwww.w3.org%2F2000%2Fsvg%27%20width%3D%2787%27%20height%3D%2787%27%20viewBox%3D%270%200%2087%2087%27%3E%3Crect%20width%3D%2787%27%20height%3D%2787%27%20fill-opacity%3D%220%22%2F%3E%3C%2Fsvg%3E\" data-srcset=\"https:\/\/cisterscapes.eu\/wp-content\/uploads\/2025\/05\/EHLB_logo___Positive-66x66.jpg 66w, https:\/\/cisterscapes.eu\/wp-content\/uploads\/2025\/05\/EHLB_logo___Positive-150x150.jpg 150w, https:\/\/cisterscapes.eu\/wp-content\/uploads\/2025\/05\/EHLB_logo___Positive-200x200.jpg 200w, https:\/\/cisterscapes.eu\/wp-content\/uploads\/2025\/05\/EHLB_logo___Positive-300x300.jpg 300w, https:\/\/cisterscapes.eu\/wp-content\/uploads\/2025\/05\/EHLB_logo___Positive-400x400.jpg 400w, https:\/\/cisterscapes.eu\/wp-content\/uploads\/2025\/05\/EHLB_logo___Positive-600x600.jpg 600w, https:\/\/cisterscapes.eu\/wp-content\/uploads\/2025\/05\/EHLB_logo___Positive-768x768.jpg 768w, https:\/\/cisterscapes.eu\/wp-content\/uploads\/2025\/05\/EHLB_logo___Positive-800x800.jpg 800w, https:\/\/cisterscapes.eu\/wp-content\/uploads\/2025\/05\/EHLB_logo___Positive-1024x1024.jpg 1024w, https:\/\/cisterscapes.eu\/wp-content\/uploads\/2025\/05\/EHLB_logo___Positive-1200x1200.jpg 1200w, https:\/\/cisterscapes.eu\/wp-content\/uploads\/2025\/05\/EHLB_logo___Positive-1536x1536.jpg 1536w\" data-sizes=\"auto\" data-orig-sizes=\"(max-width: 87px) 100vw, 87px\" \/><\/p>\n<p>&nbsp;<\/p>\n<p>&nbsp;<\/p>\n","protected":false},"excerpt":{"rendered":"<p>Dijaki dekli\u0161ke srednje \u0161ole pri cistercijanski opatiji v Waldsassenu in iz Dolnjega \u017dandova so se med projektnim dnem v Waldsassenu hitro spoznali. Po kratkem uvodu v nekdanjem refektoriju cistercijanskih menihov, ki je \u010de\u0161ke goste \u0161e posebej navdu\u0161il, si je pribli\u017eno 50 mladih ogledalo opatijsko knji\u017enico. \u0160tevilni waldsassenski u\u010denci so bili tam prvi\u010d. S pomo\u010djo knji\u017eice,<\/p>\n","protected":false},"author":9,"featured_media":11599,"comment_status":"closed","ping_status":"closed","sticky":false,"template":"","format":"gallery","meta":{"footnotes":""},"categories":[197,179],"tags":[],"class_list":["post-11605","post","type-post","status-publish","format-gallery","has-post-thumbnail","hentry","category-cisterscapes-sl","category-waldsassen-sl","post_format-post-format-gallery"],"_links":{"self":[{"href":"https:\/\/cisterscapes.eu\/sl\/wp-json\/wp\/v2\/posts\/11605","targetHints":{"allow":["GET"]}}],"collection":[{"href":"https:\/\/cisterscapes.eu\/sl\/wp-json\/wp\/v2\/posts"}],"about":[{"href":"https:\/\/cisterscapes.eu\/sl\/wp-json\/wp\/v2\/types\/post"}],"author":[{"embeddable":true,"href":"https:\/\/cisterscapes.eu\/sl\/wp-json\/wp\/v2\/users\/9"}],"replies":[{"embeddable":true,"href":"https:\/\/cisterscapes.eu\/sl\/wp-json\/wp\/v2\/comments?post=11605"}],"version-history":[{"count":0,"href":"https:\/\/cisterscapes.eu\/sl\/wp-json\/wp\/v2\/posts\/11605\/revisions"}],"wp:featuredmedia":[{"embeddable":true,"href":"https:\/\/cisterscapes.eu\/sl\/wp-json\/wp\/v2\/media\/11599"}],"wp:attachment":[{"href":"https:\/\/cisterscapes.eu\/sl\/wp-json\/wp\/v2\/media?parent=11605"}],"wp:term":[{"taxonomy":"category","embeddable":true,"href":"https:\/\/cisterscapes.eu\/sl\/wp-json\/wp\/v2\/categories?post=11605"},{"taxonomy":"post_tag","embeddable":true,"href":"https:\/\/cisterscapes.eu\/sl\/wp-json\/wp\/v2\/tags?post=11605"}],"curies":[{"name":"wp","href":"https:\/\/api.w.org\/{rel}","templated":true}]}}