{"id":20129,"date":"2026-04-28T19:18:34","date_gmt":"2026-04-28T17:18:34","guid":{"rendered":"https:\/\/cisterscapes.eu\/sprememba-na-vrhu-okrozja-bamberg\/"},"modified":"2026-04-29T10:58:39","modified_gmt":"2026-04-29T08:58:39","slug":"sprememba-na-vrhu-okrozja-bamberg","status":"publish","type":"post","link":"https:\/\/cisterscapes.eu\/sl\/sprememba-na-vrhu-okrozja-bamberg\/","title":{"rendered":"Sprememba na vrhu okro\u017eja Bamberg"},"content":{"rendered":"<p><strong>De\u017eelni upravitelj Johann Kalb po 12 letih dela predaja slu\u017ebo novemu okro\u017enemu upravitelju Johannesu Maciejonczyku<\/strong><\/p>\n<p>&nbsp;<\/p>\n<p>V ponedeljek, 27. aprila 2026, se je od okro\u017enega upravitelja Johanna Kalba poslovila slovesnost. Po 12 letih vodenja okro\u017eja Bamberg bo Johann Kalb 1. maja vodenje okro\u017eja predal novemu okro\u017enemu upravitelju Johannesu Maciejonczyku (CSU). <\/p>\n<p>Cisterscapes je bil in je eden najljub\u0161ih projektov Johanna Kalba. To je jasno povedal v svojem zahvalnem govoru.<br \/>\n\u0160tevilni partnerji in dele\u017eniki v mre\u017ei Cisterscapes so se Johannu Kalbu v obliki zelo osebnega video sporo\u010dila zahvalili za njegovo neverjetno predanost in politi\u010dno podporo na poti do znaka evropske dedi\u0161\u010dine. <\/p>\n<p>Johannu Kalbu in njegovi dru\u017eini \u017eelimo vse najbolj\u0161e in se veselimo sodelovanja z na\u0161im novim okro\u017enim upraviteljem Johannesom Maciejonczykom!<\/p>\n<p>&nbsp;<\/p>\n<p>Na fotografiji (z leve): Johannes Maciejonczyk, Dr. Monika Riemer-Maciejonczyk, Monika Kalb, okrajni glavar Johann Kalb<\/p>\n<p>Foto: Okro\u017eni urad Bamberg\/Ronald Rinklef<\/p>\n","protected":false},"excerpt":{"rendered":"<p>De\u017eelni upravitelj Johann Kalb po 12 letih dela predaja slu\u017ebo novemu okro\u017enemu upravitelju Johannesu Maciejonczyku &nbsp; V ponedeljek, 27. aprila 2026, se je od okro\u017enega upravitelja Johanna Kalba poslovila slovesnost. Po 12 letih vodenja okro\u017eja Bamberg bo Johann Kalb 1. maja vodenje okro\u017eja predal novemu okro\u017enemu upravitelju Johannesu Maciejonczyku (CSU). Cisterscapes je bil in je<\/p>\n","protected":false},"author":1,"featured_media":0,"comment_status":"closed","ping_status":"closed","sticky":false,"template":"","format":"standard","meta":{"footnotes":""},"categories":[600],"tags":[],"class_list":["post-20129","post","type-post","status-publish","format-standard","hentry","category-prenosi-za-tisk"],"_links":{"self":[{"href":"https:\/\/cisterscapes.eu\/sl\/wp-json\/wp\/v2\/posts\/20129","targetHints":{"allow":["GET"]}}],"collection":[{"href":"https:\/\/cisterscapes.eu\/sl\/wp-json\/wp\/v2\/posts"}],"about":[{"href":"https:\/\/cisterscapes.eu\/sl\/wp-json\/wp\/v2\/types\/post"}],"author":[{"embeddable":true,"href":"https:\/\/cisterscapes.eu\/sl\/wp-json\/wp\/v2\/users\/1"}],"replies":[{"embeddable":true,"href":"https:\/\/cisterscapes.eu\/sl\/wp-json\/wp\/v2\/comments?post=20129"}],"version-history":[{"count":1,"href":"https:\/\/cisterscapes.eu\/sl\/wp-json\/wp\/v2\/posts\/20129\/revisions"}],"predecessor-version":[{"id":20187,"href":"https:\/\/cisterscapes.eu\/sl\/wp-json\/wp\/v2\/posts\/20129\/revisions\/20187"}],"wp:attachment":[{"href":"https:\/\/cisterscapes.eu\/sl\/wp-json\/wp\/v2\/media?parent=20129"}],"wp:term":[{"taxonomy":"category","embeddable":true,"href":"https:\/\/cisterscapes.eu\/sl\/wp-json\/wp\/v2\/categories?post=20129"},{"taxonomy":"post_tag","embeddable":true,"href":"https:\/\/cisterscapes.eu\/sl\/wp-json\/wp\/v2\/tags?post=20129"}],"curies":[{"name":"wp","href":"https:\/\/api.w.org\/{rel}","templated":true}]}}