{"id":8020,"date":"2023-08-23T12:24:45","date_gmt":"2023-08-23T10:24:45","guid":{"rendered":"https:\/\/cisterscapes.eu\/10-marec-2023-projekt-sodelovanja-treh-drzav-o-kulinaricni-dediscini-cistercijanov-se-je-zacel-na-uvodnem-srecanju-v-visjem-brodu\/"},"modified":"2025-04-23T12:08:05","modified_gmt":"2025-04-23T10:08:05","slug":"10-marec-2023-projekt-sodelovanja-treh-drzav-o-kulinaricni-dediscini-cistercijanov-se-je-zacel-na-uvodnem-srecanju-v-visjem-brodu","status":"publish","type":"post","link":"https:\/\/cisterscapes.eu\/sl\/10-marec-2023-projekt-sodelovanja-treh-drzav-o-kulinaricni-dediscini-cistercijanov-se-je-zacel-na-uvodnem-srecanju-v-visjem-brodu\/","title":{"rendered":"10. marec 2023: Projekt sodelovanja treh dr\u017eav o kulinari\u010dni dedi\u0161\u010dini cistercijanov se je za\u010del na uvodnem sre\u010danju v Vi\u0161jem Brodu"},"content":{"rendered":"<p><div class=\"fusion-fullwidth fullwidth-box fusion-builder-row-1 fusion-flex-container has-pattern-background has-mask-background nonhundred-percent-fullwidth non-hundred-percent-height-scrolling\" style=\"--awb-border-radius-top-left:0px;--awb-border-radius-top-right:0px;--awb-border-radius-bottom-right:0px;--awb-border-radius-bottom-left:0px;--awb-flex-wrap:wrap;\" ><div class=\"fusion-builder-row fusion-row fusion-flex-align-items-flex-start fusion-flex-content-wrap\" style=\"max-width:1216.8px;margin-left: calc(-4% \/ 2 );margin-right: calc(-4% \/ 2 );\"><div class=\"fusion-layout-column fusion_builder_column fusion-builder-column-0 fusion_builder_column_1_1 1_1 fusion-flex-column\" style=\"--awb-bg-size:cover;--awb-width-large:100%;--awb-margin-top-large:80px;--awb-spacing-right-large:1.92%;--awb-margin-bottom-large:80px;--awb-spacing-left-large:1.92%;--awb-width-medium:100%;--awb-order-medium:0;--awb-spacing-right-medium:1.92%;--awb-spacing-left-medium:1.92%;--awb-width-small:100%;--awb-order-small:0;--awb-spacing-right-small:1.92%;--awb-spacing-left-small:1.92%;\" data-scroll-devices=\"small-visibility,medium-visibility,large-visibility\"><div class=\"fusion-column-wrapper fusion-column-has-shadow fusion-flex-justify-content-flex-start fusion-content-layout-column\"><div class=\"fusion-title title fusion-title-1 fusion-sep-none fusion-title-center fusion-title-text fusion-title-size-two\"><h2 class=\"fusion-title-heading title-heading-center fusion-responsive-typography-calculated\" style=\"margin:0;--fontSize:40;line-height:1.3;\">10. marec 2023: Projekt sodelovanja treh dr\u017eav o kulinari\u010dni dedi\u0161\u010dini cistercijanov se je za\u010del na uvodnem sre\u010danju v Vi\u0161jem Brodu<\/h2><\/div><\/div><\/div><\/div><\/div><div class=\"fusion-fullwidth fullwidth-box fusion-builder-row-2 fusion-flex-container hundred-percent-fullwidth non-hundred-percent-height-scrolling\" style=\"--awb-border-radius-top-left:0px;--awb-border-radius-top-right:0px;--awb-border-radius-bottom-right:0px;--awb-border-radius-bottom-left:0px;--awb-padding-top:0px;--awb-padding-right:0px;--awb-padding-bottom:0px;--awb-padding-left:0px;--awb-flex-wrap:wrap;\" ><div class=\"fusion-builder-row fusion-row fusion-flex-align-items-stretch fusion-flex-content-wrap\" style=\"width:calc( 100% + 0px ) !important;max-width:calc( 100% + 0px ) !important;margin-left: calc(-0px \/ 2 );margin-right: calc(-0px \/ 2 );\"><div class=\"fusion-layout-column fusion_builder_column fusion-builder-column-1 fusion_builder_column_1_2 1_2 fusion-flex-column\" style=\"--awb-padding-top-medium:20vh;--awb-padding-bottom-medium:20vh;--awb-bg-position:center center;--awb-bg-blend:overlay;--awb-bg-size:cover;--awb-width-large:50%;--awb-margin-top-large:0px;--awb-spacing-right-large:0px;--awb-margin-bottom-large:0px;--awb-spacing-left-large:0px;--awb-width-medium:100%;--awb-order-medium:0;--awb-spacing-right-medium:0px;--awb-spacing-left-medium:0px;--awb-width-small:100%;--awb-order-small:0;--awb-spacing-right-small:0px;--awb-spacing-left-small:0px;\" data-scroll-devices=\"small-visibility,medium-visibility,large-visibility\"><div class=\"fusion-column-wrapper fusion-column-has-shadow fusion-flex-justify-content-flex-start fusion-content-layout-column\"><div class=\"fusion-image-element \" style=\"--awb-caption-title-font-family:var(--h2_typography-font-family);--awb-caption-title-font-weight:var(--h2_typography-font-weight);--awb-caption-title-font-style:var(--h2_typography-font-style);--awb-caption-title-size:var(--h2_typography-font-size);--awb-caption-title-transform:var(--h2_typography-text-transform);--awb-caption-title-line-height:var(--h2_typography-line-height);--awb-caption-title-letter-spacing:var(--h2_typography-letter-spacing);\"><span class=\" fusion-imageframe imageframe-none imageframe-1 hover-type-none\"><img decoding=\"async\" width=\"1536\" height=\"1024\" title=\"Kick-off-Meeting_10.03.2023_WEB\" src=\"https:\/\/cisterscapes.eu\/wp-content\/uploads\/2023\/08\/Kick-off-Meeting_10.03.2023_WEB-1.jpg\" data-orig-src=\"https:\/\/cisterscapes.eu\/wp-content\/uploads\/2023\/08\/Kick-off-Meeting_10.03.2023_WEB-1.jpg\" alt class=\"lazyload img-responsive wp-image-8022\" srcset=\"data:image\/svg+xml,%3Csvg%20xmlns%3D%27http%3A%2F%2Fwww.w3.org%2F2000%2Fsvg%27%20width%3D%271536%27%20height%3D%271024%27%20viewBox%3D%270%200%201536%201024%27%3E%3Crect%20width%3D%271536%27%20height%3D%271024%27%20fill-opacity%3D%220%22%2F%3E%3C%2Fsvg%3E\" data-srcset=\"https:\/\/cisterscapes.eu\/wp-content\/uploads\/2023\/08\/Kick-off-Meeting_10.03.2023_WEB-1-200x133.jpg 200w, https:\/\/cisterscapes.eu\/wp-content\/uploads\/2023\/08\/Kick-off-Meeting_10.03.2023_WEB-1-400x267.jpg 400w, https:\/\/cisterscapes.eu\/wp-content\/uploads\/2023\/08\/Kick-off-Meeting_10.03.2023_WEB-1-600x400.jpg 600w, https:\/\/cisterscapes.eu\/wp-content\/uploads\/2023\/08\/Kick-off-Meeting_10.03.2023_WEB-1-800x533.jpg 800w, https:\/\/cisterscapes.eu\/wp-content\/uploads\/2023\/08\/Kick-off-Meeting_10.03.2023_WEB-1-1200x800.jpg 1200w, https:\/\/cisterscapes.eu\/wp-content\/uploads\/2023\/08\/Kick-off-Meeting_10.03.2023_WEB-1.jpg 1536w\" data-sizes=\"auto\" data-orig-sizes=\"(max-width: 1024px) 100vw, (max-width: 640px) 100vw, 600px\" \/><\/span><\/div><\/div><\/div><div class=\"fusion-layout-column fusion_builder_column fusion-builder-column-2 fusion_builder_column_1_2 1_2 fusion-flex-column fusion-animated\" style=\"--awb-padding-top:100px;--awb-padding-right:7%;--awb-padding-bottom:100px;--awb-padding-left:7%;--awb-padding-top-medium:60px;--awb-padding-bottom-medium:60px;--awb-bg-blend:overlay;--awb-bg-size:cover;--awb-width-large:50%;--awb-margin-top-large:0px;--awb-spacing-right-large:0px;--awb-margin-bottom-large:0px;--awb-spacing-left-large:0px;--awb-width-medium:100%;--awb-order-medium:0;--awb-spacing-right-medium:0px;--awb-spacing-left-medium:0px;--awb-width-small:100%;--awb-order-small:0;--awb-spacing-right-small:0px;--awb-spacing-left-small:0px;\" data-animationType=\"fadeInLeft\" data-animationDuration=\"0.9\" data-animationDelay=\"0.3\" data-animationOffset=\"top-into-view\" data-scroll-devices=\"small-visibility,medium-visibility,large-visibility\"><div class=\"fusion-column-wrapper fusion-column-has-shadow fusion-flex-justify-content-flex-start fusion-content-layout-column\"><div class=\"fusion-text fusion-text-1\"><div class=\"page\" title=\"Stran 2\">\n<div class=\"layoutArea\">\n<div class=\"column\">\n<p>Cistercijani so resni\u010dno evropski red, ki se je od srednjega veka raz\u0161iril po \u0161tevilnih dr\u017eavah in \u0161e danes zaznamuje kulturno krajino \u0161tevilnih krajev. Ta evropski pristop zasleduje tudi novi projekt &#8220;Kulinari\u010dna dedi\u0161\u010dina cistercijanov v Srednji Evropi&#8221;, katerega vodje iz \u010ce\u0161ke, Nem\u010dije in Avstrije so se 10. marca sestali na uvodnem sestanku v kraju Vy\u0161\u0161\u00ed Brod na \u010ce\u0161kem. Raziskave o starih samostanskih receptih in lokalnih tradicijah, ki jih vodi Univerza Paris Lodron v Salzburgu, se bodo za\u010dele spomladi.  <\/p>\n<p>Pribli\u017eno deset sodelujo\u010dih samostanov, vklju\u010dno s samostani iz mre\u017ee Cisterscapes, ki se trenutno poteguje za znak evropske dedi\u0161\u010dine, aktivno sodeluje s svojimi samostanskimi arhivi in knji\u017enicami. Odgovori na naslednja vpra\u0161anja: V kolik\u0161ni meri je mogo\u010de regionalne posebnosti povezati s samostanskim izvorom? Kaj je bilo zna\u010dilno za meni\u0161ko namizno kulturo? Katere pozabljene kulinari\u010dne zaklade je morda \u0161e mogo\u010de odkriti?   <\/p>\n<p>Zelo se veselimo novega projekta!<\/p>\n<\/div>\n<\/div>\n<\/div>\n<\/div><div class=\"fusion-separator fusion-full-width-sep\" style=\"align-self: center;margin-left: auto;margin-right: auto;margin-top:7px;width:100%;\"><\/div><\/div><\/div><\/div><\/div><div class=\"fusion-fullwidth fullwidth-box fusion-builder-row-3 fusion-flex-container has-pattern-background has-mask-background nonhundred-percent-fullwidth non-hundred-percent-height-scrolling\" style=\"--awb-border-radius-top-left:0px;--awb-border-radius-top-right:0px;--awb-border-radius-bottom-right:0px;--awb-border-radius-bottom-left:0px;--awb-margin-bottom:80px;--awb-flex-wrap:wrap;\" ><div class=\"fusion-builder-row fusion-row fusion-flex-align-items-flex-start fusion-flex-content-wrap\" style=\"max-width:1216.8px;margin-left: calc(-4% \/ 2 );margin-right: calc(-4% \/ 2 );\"><div class=\"fusion-layout-column fusion_builder_column fusion-builder-column-3 fusion_builder_column_1_1 1_1 fusion-flex-column\" style=\"--awb-bg-size:cover;--awb-width-large:100%;--awb-margin-top-large:0px;--awb-spacing-right-large:1.92%;--awb-margin-bottom-large:0px;--awb-spacing-left-large:1.92%;--awb-width-medium:100%;--awb-order-medium:0;--awb-spacing-right-medium:1.92%;--awb-spacing-left-medium:1.92%;--awb-width-small:100%;--awb-order-small:0;--awb-spacing-right-small:1.92%;--awb-spacing-left-small:1.92%;\"><div class=\"fusion-column-wrapper fusion-column-has-shadow fusion-flex-justify-content-flex-start fusion-content-layout-column\"><div class=\"fusion-sharing-box fusion-sharing-box-1 boxed-icons has-taglines layout-floated layout-medium-floated layout-small-stacked\" style=\"background-color:var(--awb-color7);border-color:var(--awb-color7);--awb-separator-border-color:#cccccc;--awb-separator-border-sizes:0px;--awb-layout:row;--awb-alignment-small:space-between;--awb-stacked-align-small:center;\" data-title=\"10. marec 2023: Projekt sodelovanja treh dr\u017eav o kulinari\u010dni dedi\u0161\u010dini cistercijanov se je za\u010del na uvodnem sre\u010danju v Vi\u0161jem Brodu\" data-description=\"Va\u0161a vsebina gre sem   \r\n\r\n\r\n\r\n\r\nCistercijani so resni\u010dno evropski red, ki se je od srednjega veka raz\u0161iril po \u0161tevilnih dr\u017eavah in \u0161e danes zaznamuje kulturno krajino \u0161tevilnih krajev. Ta evropski pristop zasleduje tudi novi projekt &quot;Kulinari\u010dna dedi\u0161\u010dina cistercijanov v Srednji Evropi&quot;, katerega vodje iz \u010ce\u0161ke, Nem\u010dije in\" data-link=\"https:\/\/cisterscapes.eu\/sl\/10-marec-2023-projekt-sodelovanja-treh-drzav-o-kulinaricni-dediscini-cistercijanov-se-je-zacel-na-uvodnem-srecanju-v-visjem-brodu\/\"><h4 class=\"tagline\" style=\"color:var(--awb-color8);\">Delite to objavo!<\/h4><div class=\"fusion-social-networks sharingbox-shortcode-icon-wrapper sharingbox-shortcode-icon-wrapper-1 boxed-icons\"><span><a href=\"https:\/\/www.facebook.com\/sharer.php?u=https%3A%2F%2Fcisterscapes.eu%2Fsl%2F10-marec-2023-projekt-sodelovanja-treh-drzav-o-kulinaricni-dediscini-cistercijanov-se-je-zacel-na-uvodnem-srecanju-v-visjem-brodu%2F&amp;t=10.%20marec%202023%3A%20Projekt%20sodelovanja%20treh%20dr%C5%BEav%20o%20kulinari%C4%8Dni%20dedi%C5%A1%C4%8Dini%20cistercijanov%20se%20je%20za%C4%8Del%20na%20uvodnem%20sre%C4%8Danju%20v%20Vi%C5%A1jem%20Brodu\" target=\"_blank\" rel=\"noreferrer\" title=\"Facebook\" aria-label=\"Facebook\" data-placement=\"top\" data-toggle=\"tooltip\" data-title=\"Facebook\"><i class=\"fusion-social-network-icon fusion-tooltip fusion-facebook awb-icon-facebook\" style=\"color:#ffffff;background-color:#3b5998;border-color:#3b5998;border-radius:0px;\" aria-hidden=\"true\"><\/i><\/a><\/span><span><a href=\"https:\/\/x.com\/intent\/post?text=10.%20marec%202023%3A%20Projekt%20sodelovanja%20treh%20dr%C5%BEav%20o%20kulinari%C4%8Dni%20dedi%C5%A1%C4%8Dini%20cistercijanov%20se%20je%20za%C4%8Del%20na%20uvodnem%20sre%C4%8Danju%20v%20Vi%C5%A1jem%20Brodu&amp;url=https%3A%2F%2Fcisterscapes.eu%2Fsl%2F10-marec-2023-projekt-sodelovanja-treh-drzav-o-kulinaricni-dediscini-cistercijanov-se-je-zacel-na-uvodnem-srecanju-v-visjem-brodu%2F\" target=\"_blank\" rel=\"noopener noreferrer\" title=\"X\" aria-label=\"X\" data-placement=\"top\" data-toggle=\"tooltip\" data-title=\"X\"><i class=\"fusion-social-network-icon fusion-tooltip fusion-twitter awb-icon-twitter\" style=\"color:#ffffff;background-color:#000000;border-color:#000000;border-radius:0px;\" aria-hidden=\"true\"><\/i><\/a><\/span><span><a href=\"https:\/\/www.linkedin.com\/shareArticle?mini=true&amp;url=https%3A%2F%2Fcisterscapes.eu%2Fsl%2F10-marec-2023-projekt-sodelovanja-treh-drzav-o-kulinaricni-dediscini-cistercijanov-se-je-zacel-na-uvodnem-srecanju-v-visjem-brodu%2F&amp;title=10.%20marec%202023%3A%20Projekt%20sodelovanja%20treh%20dr%C5%BEav%20o%20kulinari%C4%8Dni%20dedi%C5%A1%C4%8Dini%20cistercijanov%20se%20je%20za%C4%8Del%20na%20uvodnem%20sre%C4%8Danju%20v%20Vi%C5%A1jem%20Brodu&amp;summary=Va%C5%A1a%20vsebina%20gre%20sem%20%20%20%20%20%0D%0A%0D%0A%0D%0A%0D%0A%0D%0ACistercijani%20so%20resni%C4%8Dno%20evropski%20red%2C%20ki%20se%20je%20od%20srednjega%20veka%20raz%C5%A1iril%20po%20%C5%A1tevilnih%20dr%C5%BEavah%20in%20%C5%A1e%20danes%20zaznamuje%20kulturno%20krajino%20%C5%A1tevilnih%20krajev.%20Ta%20evropski%20pristop%20zasleduje%20tudi%20novi%20projekt%20%26quot%3BKulinari%C4%8Dna%20dedi%C5%A1%C4%8Dina%20cistercijanov%20v%20Srednji%20Evropi%26quot%3B%2C%20katerega%20vodje%20iz%20%C4%8Ce%C5%A1ke%2C%20Nem%C4%8Dije%20in\" target=\"_blank\" rel=\"noopener noreferrer\" title=\"LinkedIn\" aria-label=\"LinkedIn\" data-placement=\"top\" data-toggle=\"tooltip\" data-title=\"LinkedIn\"><i class=\"fusion-social-network-icon fusion-tooltip fusion-linkedin awb-icon-linkedin\" style=\"color:#ffffff;background-color:#0077b5;border-color:#0077b5;border-radius:0px;\" aria-hidden=\"true\"><\/i><\/a><\/span><span><a href=\"https:\/\/api.whatsapp.com\/send?text=https%3A%2F%2Fcisterscapes.eu%2Fsl%2F10-marec-2023-projekt-sodelovanja-treh-drzav-o-kulinaricni-dediscini-cistercijanov-se-je-zacel-na-uvodnem-srecanju-v-visjem-brodu%2F\" target=\"_blank\" rel=\"noopener noreferrer\" title=\"WhatsApp\" aria-label=\"WhatsApp\" data-placement=\"top\" data-toggle=\"tooltip\" data-title=\"WhatsApp\"><i class=\"fusion-social-network-icon fusion-tooltip fusion-whatsapp awb-icon-whatsapp\" style=\"color:#ffffff;background-color:#77e878;border-color:#77e878;border-radius:0px;\" aria-hidden=\"true\"><\/i><\/a><\/span><span><a href=\"https:\/\/t.me\/share\/url?url=https%3A%2F%2Fcisterscapes.eu%2Fsl%2F10-marec-2023-projekt-sodelovanja-treh-drzav-o-kulinaricni-dediscini-cistercijanov-se-je-zacel-na-uvodnem-srecanju-v-visjem-brodu%2F&amp;text=10.%20marec%202023%3A%20Projekt%20sodelovanja%20treh%20dr%C5%BEav%20o%20kulinari%C4%8Dni%20dedi%C5%A1%C4%8Dini%20cistercijanov%20se%20je%20za%C4%8Del%20na%20uvodnem%20sre%C4%8Danju%20v%20Vi%C5%A1jem%20Brodu\" target=\"_blank\" rel=\"noopener noreferrer\" title=\"Telegram\" aria-label=\"Telegram\" data-placement=\"top\" data-toggle=\"tooltip\" data-title=\"Telegram\"><i class=\"fusion-social-network-icon fusion-tooltip fusion-telegram awb-icon-telegram\" style=\"color:#ffffff;background-color:#0088cc;border-color:#0088cc;border-radius:0px;\" aria-hidden=\"true\"><\/i><\/a><\/span><span><a href=\"mailto:?subject=10.%20marec%202023%3A%20Projekt%20sodelovanja%20treh%20dr%C5%BEav%20o%20kulinari%C4%8Dni%20dedi%C5%A1%C4%8Dini%20cistercijanov%20se%20je%20za%C4%8Del%20na%20uvodnem%20sre%C4%8Danju%20v%20Vi%C5%A1jem%20Brodu&amp;body=https%3A%2F%2Fcisterscapes.eu%2Fsl%2F10-marec-2023-projekt-sodelovanja-treh-drzav-o-kulinaricni-dediscini-cistercijanov-se-je-zacel-na-uvodnem-srecanju-v-visjem-brodu%2F\" target=\"_self\" title=\"E-po\u0161ta\" aria-label=\"E-po\u0161ta\" data-placement=\"top\" data-toggle=\"tooltip\" data-title=\"E-po\u0161ta\"><i class=\"fusion-social-network-icon fusion-tooltip fusion-mail awb-icon-mail\" style=\"color:#ffffff;background-color:#000000;border-color:#000000;border-radius:0px;\" aria-hidden=\"true\"><\/i><\/a><\/span><\/div><\/div><\/div><\/div><\/div><\/div><\/p>\n","protected":false},"excerpt":{"rendered":"","protected":false},"author":1,"featured_media":8023,"comment_status":"closed","ping_status":"closed","sticky":false,"template":"","format":"standard","meta":{"footnotes":""},"categories":[197,1],"tags":[],"class_list":["post-8020","post","type-post","status-publish","format-standard","has-post-thumbnail","hentry","category-cisterscapes-sl","category-unkategorisiert"],"_links":{"self":[{"href":"https:\/\/cisterscapes.eu\/sl\/wp-json\/wp\/v2\/posts\/8020","targetHints":{"allow":["GET"]}}],"collection":[{"href":"https:\/\/cisterscapes.eu\/sl\/wp-json\/wp\/v2\/posts"}],"about":[{"href":"https:\/\/cisterscapes.eu\/sl\/wp-json\/wp\/v2\/types\/post"}],"author":[{"embeddable":true,"href":"https:\/\/cisterscapes.eu\/sl\/wp-json\/wp\/v2\/users\/1"}],"replies":[{"embeddable":true,"href":"https:\/\/cisterscapes.eu\/sl\/wp-json\/wp\/v2\/comments?post=8020"}],"version-history":[{"count":0,"href":"https:\/\/cisterscapes.eu\/sl\/wp-json\/wp\/v2\/posts\/8020\/revisions"}],"wp:featuredmedia":[{"embeddable":true,"href":"https:\/\/cisterscapes.eu\/sl\/wp-json\/wp\/v2\/media\/8023"}],"wp:attachment":[{"href":"https:\/\/cisterscapes.eu\/sl\/wp-json\/wp\/v2\/media?parent=8020"}],"wp:term":[{"taxonomy":"category","embeddable":true,"href":"https:\/\/cisterscapes.eu\/sl\/wp-json\/wp\/v2\/categories?post=8020"},{"taxonomy":"post_tag","embeddable":true,"href":"https:\/\/cisterscapes.eu\/sl\/wp-json\/wp\/v2\/tags?post=8020"}],"curies":[{"name":"wp","href":"https:\/\/api.w.org\/{rel}","templated":true}]}}